{"id":99122,"date":"2026-04-27T10:41:23","date_gmt":"2026-04-27T15:41:23","guid":{"rendered":"https:\/\/uninavarra.edu.co\/?p=99122"},"modified":"2026-04-27T10:41:23","modified_gmt":"2026-04-27T15:41:23","slug":"consultorio-ambiental-de-uninavarra-fortalece-su-compromiso-con-la-gestion-sostenible-de-residuos-raee","status":"publish","type":"post","link":"https:\/\/uninavarra.edu.co\/en\/actualidad-uninavarra\/consultorio-ambiental-de-uninavarra-fortalece-su-compromiso-con-la-gestion-sostenible-de-residuos-raee\/","title":{"rendered":"Consultorio Ambiental de UNINAVARRA fortalece su compromiso con la  gesti\u00f3n sostenible de residuos RAEE"},"content":{"rendered":"<div class=\"wpb-content-wrapper\"><div class=\"wpb-container\"><div class=\"container\"><div class=\"vc_row wpb_row vc_row-fluid row\"><div class=\"col-sm-2  vc_\">\n\t\t<div class=\"wpb_wrapper\">\n\t\t\t\n\t\t<\/div> \n\t<\/div><div class=\"col-sm-8  vc_\">\n\t\t<div class=\"wpb_wrapper\">\n\t\t\t<div class=\"vc_empty_space\"   style=\"height: 32px\"><span class=\"vc_empty_space_inner\"><\/span><\/div>\n\t<div class=\"wpb_text_column wpb_content_element\" >\n\t\t<div class=\"wpb_wrapper\">\n\t\t\t<p style=\"text-align: center;\"><span style=\"font-size: 24px; color: #e30613;\"><strong>Consultorio Ambiental de UNINAVARRA fortalece su compromiso con la gesti\u00f3n sostenible de residuos RAEE<\/strong><\/span><\/p>\n\n\t\t<\/div>\n\t<\/div>\n\n\t\t<\/div> \n\t<\/div><div class=\"col-sm-2  vc_\">\n\t\t<div class=\"wpb_wrapper\">\n\t\t\t\n\t\t<\/div> \n\t<\/div><\/div><\/div><\/div><div class=\"wpb-container\"><div class=\"container\"><div class=\"vc_row wpb_row vc_row-fluid row\"><div class=\"col-sm-2  vc_\">\n\t\t<div class=\"wpb_wrapper\">\n\t\t\t\n\t\t<\/div> \n\t<\/div><div class=\"col-sm-8  vc_\">\n\t\t<div class=\"wpb_wrapper\">\n\t\t\t<div class=\"wpb_single_image wpb_content_element vc_align_center\">\n\t\t<div class=\"wpb_wrapper\">\n\t\t\t\n\t\t\t<a href=\"https:\/\/uninavarra.edu.co\/wp-content\/uploads\/2026\/04\/Noticia-Portada-de-Gestion-scaled.jpg\" target=\"_self\"><img fetchpriority=\"high\" decoding=\"async\" width=\"900\" height=\"720\" src=\"https:\/\/uninavarra.edu.co\/wp-content\/uploads\/2026\/04\/Noticia-Portada-de-Gestion-1024x819.jpg\" class=\"vc_box_border_grey attachment-large\" alt=\"\" title=\"Noticia Portada de Gestio\u0301n\" srcset=\"https:\/\/uninavarra.edu.co\/wp-content\/uploads\/2026\/04\/Noticia-Portada-de-Gestion-1024x819.jpg 1024w, https:\/\/uninavarra.edu.co\/wp-content\/uploads\/2026\/04\/Noticia-Portada-de-Gestion-300x240.jpg 300w, https:\/\/uninavarra.edu.co\/wp-content\/uploads\/2026\/04\/Noticia-Portada-de-Gestion-150x120.jpg 150w, https:\/\/uninavarra.edu.co\/wp-content\/uploads\/2026\/04\/Noticia-Portada-de-Gestion-768x614.jpg 768w, https:\/\/uninavarra.edu.co\/wp-content\/uploads\/2026\/04\/Noticia-Portada-de-Gestion-1536x1229.jpg 1536w, https:\/\/uninavarra.edu.co\/wp-content\/uploads\/2026\/04\/Noticia-Portada-de-Gestion-2048x1638.jpg 2048w, https:\/\/uninavarra.edu.co\/wp-content\/uploads\/2026\/04\/Noticia-Portada-de-Gestion-15x12.jpg 15w\" sizes=\"(max-width: 900px) 100vw, 900px\" \/><\/a>\n\t\t<\/div> \n\t<\/div>\n\t\t<\/div> \n\t<\/div><div class=\"col-sm-2  vc_\">\n\t\t<div class=\"wpb_wrapper\">\n\t\t\t\n\t\t<\/div> \n\t<\/div><\/div><\/div><\/div><div class=\"wpb-container\"><div class=\"container\"><div class=\"vc_row wpb_row vc_row-fluid row\"><div class=\"col-sm-2  vc_\">\n\t\t<div class=\"wpb_wrapper\">\n\t\t\t\n\t\t<\/div> \n\t<\/div><div class=\"col-sm-8  vc_\">\n\t\t<div class=\"wpb_wrapper\">\n\t\t\t\n\t<div class=\"wpb_text_column wpb_content_element\" >\n\t\t<div class=\"wpb_wrapper\">\n\t\t\t<p style=\"font-family: tahoma, arial, helvetica, sans-serif; font-size: 16px;\">El Consultorio Ambiental de la Fundaci\u00f3n Universitaria Navarra &#8211; UNINAVARRA particip\u00f3 activamente en una jornada de capacitaci\u00f3n a estudiantes universitarios de la ciudad, donde se abord\u00f3 la charla titulada \u201cGesti\u00f3n Integral de Residuos de Aparatos El\u00e9ctricos y Electr\u00f3nicos (RAEE)\u201d.<\/p>\n<p style=\"font-family: tahoma, arial, helvetica, sans-serif; font-size: 16px;\">En la actividad estuvo presente la Directora de Ingenier\u00edas de UNINAVARRA, ingeniera, Leidy D\u00edaz S\u00e1nchez, en donde destac\u00f3 el compromiso institucional con la sostenibilidad ambiental, promoviendo el intercambio de saberes y experiencias en torno a la adecuada gesti\u00f3n de estos residuos, cuyo impacto ambiental representa un reto creciente a nivel global y local.<\/p>\n<p style=\"font-family: tahoma, arial, helvetica, sans-serif; font-size: 16px;\">La participaci\u00f3n del Consultorio Ambiental reafirma su misi\u00f3n de fortalecer procesos educativos y de sensibilizaci\u00f3n en entornos educativos, fomentando pr\u00e1cticas responsables que contribuyan a la protecci\u00f3n del medio ambiente.<\/p>\n<p style=\"font-family: tahoma, arial, helvetica, sans-serif; font-size: 16px;\">Asimismo, se resalta la importancia del trabajo colaborativo entre instituciones de educaci\u00f3n superior como eje fundamental para la construcci\u00f3n de una cultura ambiental consciente y sostenible.<\/p>\n\n\t\t<\/div>\n\t<\/div>\n\n\t\t<\/div> \n\t<\/div><div class=\"col-sm-2  vc_\">\n\t\t<div class=\"wpb_wrapper\">\n\t\t\t\n\t\t<\/div> \n\t<\/div><\/div><\/div><\/div>\n<\/div>","protected":false},"excerpt":{"rendered":"Consultorio Ambiental de UNINAVARRA fortalece su compromiso con la gesti\u00f3n sostenible de residuos RAEE El Consultorio Ambiental de la Fundaci\u00f3n Universitaria Navarra - UNINAVARRA particip\u00f3 activamente en una jornada de [...]","protected":false},"author":13,"featured_media":99124,"comment_status":"closed","ping_status":"closed","sticky":false,"template":"","format":"standard","meta":{"footnotes":""},"categories":[361],"tags":[],"class_list":["post-99122","post","type-post","status-publish","format-standard","has-post-thumbnail","hentry","category-actualidad-uninavarra"],"yoast_head":"<!-- This site is optimized with the Yoast SEO plugin v27.4 - https:\/\/yoast.com\/product\/yoast-seo-wordpress\/ -->\n<title>Consultorio Ambiental de UNINAVARRA fortalece su compromiso con la gesti\u00f3n sostenible de residuos RAEE - Uninavarra<\/title>\n<meta name=\"robots\" content=\"index, follow, max-snippet:-1, max-image-preview:large, max-video-preview:-1\" \/>\n<link rel=\"canonical\" href=\"https:\/\/uninavarra.edu.co\/en\/actualidad-uninavarra\/consultorio-ambiental-de-uninavarra-fortalece-su-compromiso-con-la-gestion-sostenible-de-residuos-raee\/\" \/>\n<meta property=\"og:locale\" content=\"en_US\" \/>\n<meta property=\"og:type\" content=\"article\" \/>\n<meta property=\"og:title\" content=\"Consultorio Ambiental de UNINAVARRA fortalece su compromiso con la gesti\u00f3n sostenible de residuos RAEE - Uninavarra\" \/>\n<meta property=\"og:url\" content=\"https:\/\/uninavarra.edu.co\/en\/actualidad-uninavarra\/consultorio-ambiental-de-uninavarra-fortalece-su-compromiso-con-la-gestion-sostenible-de-residuos-raee\/\" \/>\n<meta property=\"og:site_name\" content=\"Uninavarra\" \/>\n<meta property=\"article:publisher\" content=\"https:\/\/www.facebook.com\/UninavarraEduca\" \/>\n<meta property=\"article:published_time\" content=\"2026-04-27T15:41:23+00:00\" \/>\n<meta property=\"og:image\" content=\"https:\/\/uninavarra.edu.co\/wp-content\/uploads\/2026\/04\/Portada-Gestion-Integral-de-Residuos.png\" \/>\n\t<meta property=\"og:image:width\" content=\"658\" \/>\n\t<meta property=\"og:image:height\" content=\"392\" \/>\n\t<meta property=\"og:image:type\" content=\"image\/png\" \/>\n<meta name=\"author\" content=\"Webmaster UNINAVARRA\" \/>\n<meta name=\"twitter:card\" content=\"summary_large_image\" \/>\n<meta name=\"twitter:creator\" content=\"@uninavarraeduca\" \/>\n<meta name=\"twitter:site\" content=\"@uninavarraeduca\" \/>\n<meta name=\"twitter:label1\" content=\"Written by\" \/>\n\t<meta name=\"twitter:data1\" content=\"Webmaster UNINAVARRA\" \/>\n\t<meta name=\"twitter:label2\" content=\"Est. reading time\" \/>\n\t<meta name=\"twitter:data2\" content=\"1 minute\" \/>\n<script type=\"application\/ld+json\" class=\"yoast-schema-graph\">{\"@context\":\"https:\\\/\\\/schema.org\",\"@graph\":[{\"@type\":\"Article\",\"@id\":\"https:\\\/\\\/uninavarra.edu.co\\\/actualidad-uninavarra\\\/consultorio-ambiental-de-uninavarra-fortalece-su-compromiso-con-la-gestion-sostenible-de-residuos-raee\\\/#article\",\"isPartOf\":{\"@id\":\"https:\\\/\\\/uninavarra.edu.co\\\/actualidad-uninavarra\\\/consultorio-ambiental-de-uninavarra-fortalece-su-compromiso-con-la-gestion-sostenible-de-residuos-raee\\\/\"},\"author\":{\"name\":\"Webmaster UNINAVARRA\",\"@id\":\"https:\\\/\\\/uninavarra.edu.co\\\/#\\\/schema\\\/person\\\/23524a63845108ea58e4a77307b70418\"},\"headline\":\"Consultorio Ambiental de UNINAVARRA fortalece su compromiso con la gesti\u00f3n sostenible de residuos RAEE\",\"datePublished\":\"2026-04-27T15:41:23+00:00\",\"mainEntityOfPage\":{\"@id\":\"https:\\\/\\\/uninavarra.edu.co\\\/actualidad-uninavarra\\\/consultorio-ambiental-de-uninavarra-fortalece-su-compromiso-con-la-gestion-sostenible-de-residuos-raee\\\/\"},\"wordCount\":289,\"publisher\":{\"@id\":\"https:\\\/\\\/uninavarra.edu.co\\\/#organization\"},\"image\":{\"@id\":\"https:\\\/\\\/uninavarra.edu.co\\\/actualidad-uninavarra\\\/consultorio-ambiental-de-uninavarra-fortalece-su-compromiso-con-la-gestion-sostenible-de-residuos-raee\\\/#primaryimage\"},\"thumbnailUrl\":\"https:\\\/\\\/uninavarra.edu.co\\\/wp-content\\\/uploads\\\/2026\\\/04\\\/Portada-Gestion-Integral-de-Residuos.png\",\"articleSection\":[\"Actualidad UNINAVARRA\"],\"inLanguage\":\"en-US\"},{\"@type\":\"WebPage\",\"@id\":\"https:\\\/\\\/uninavarra.edu.co\\\/actualidad-uninavarra\\\/consultorio-ambiental-de-uninavarra-fortalece-su-compromiso-con-la-gestion-sostenible-de-residuos-raee\\\/\",\"url\":\"https:\\\/\\\/uninavarra.edu.co\\\/actualidad-uninavarra\\\/consultorio-ambiental-de-uninavarra-fortalece-su-compromiso-con-la-gestion-sostenible-de-residuos-raee\\\/\",\"name\":\"Consultorio Ambiental de UNINAVARRA fortalece su compromiso con la gesti\u00f3n sostenible de residuos RAEE - Uninavarra\",\"isPartOf\":{\"@id\":\"https:\\\/\\\/uninavarra.edu.co\\\/#website\"},\"primaryImageOfPage\":{\"@id\":\"https:\\\/\\\/uninavarra.edu.co\\\/actualidad-uninavarra\\\/consultorio-ambiental-de-uninavarra-fortalece-su-compromiso-con-la-gestion-sostenible-de-residuos-raee\\\/#primaryimage\"},\"image\":{\"@id\":\"https:\\\/\\\/uninavarra.edu.co\\\/actualidad-uninavarra\\\/consultorio-ambiental-de-uninavarra-fortalece-su-compromiso-con-la-gestion-sostenible-de-residuos-raee\\\/#primaryimage\"},\"thumbnailUrl\":\"https:\\\/\\\/uninavarra.edu.co\\\/wp-content\\\/uploads\\\/2026\\\/04\\\/Portada-Gestion-Integral-de-Residuos.png\",\"datePublished\":\"2026-04-27T15:41:23+00:00\",\"breadcrumb\":{\"@id\":\"https:\\\/\\\/uninavarra.edu.co\\\/actualidad-uninavarra\\\/consultorio-ambiental-de-uninavarra-fortalece-su-compromiso-con-la-gestion-sostenible-de-residuos-raee\\\/#breadcrumb\"},\"inLanguage\":\"en-US\",\"potentialAction\":[{\"@type\":\"ReadAction\",\"target\":[\"https:\\\/\\\/uninavarra.edu.co\\\/actualidad-uninavarra\\\/consultorio-ambiental-de-uninavarra-fortalece-su-compromiso-con-la-gestion-sostenible-de-residuos-raee\\\/\"]}]},{\"@type\":\"ImageObject\",\"inLanguage\":\"en-US\",\"@id\":\"https:\\\/\\\/uninavarra.edu.co\\\/actualidad-uninavarra\\\/consultorio-ambiental-de-uninavarra-fortalece-su-compromiso-con-la-gestion-sostenible-de-residuos-raee\\\/#primaryimage\",\"url\":\"https:\\\/\\\/uninavarra.edu.co\\\/wp-content\\\/uploads\\\/2026\\\/04\\\/Portada-Gestion-Integral-de-Residuos.png\",\"contentUrl\":\"https:\\\/\\\/uninavarra.edu.co\\\/wp-content\\\/uploads\\\/2026\\\/04\\\/Portada-Gestion-Integral-de-Residuos.png\",\"width\":658,\"height\":392},{\"@type\":\"BreadcrumbList\",\"@id\":\"https:\\\/\\\/uninavarra.edu.co\\\/actualidad-uninavarra\\\/consultorio-ambiental-de-uninavarra-fortalece-su-compromiso-con-la-gestion-sostenible-de-residuos-raee\\\/#breadcrumb\",\"itemListElement\":[{\"@type\":\"ListItem\",\"position\":1,\"name\":\"Home\",\"item\":\"https:\\\/\\\/uninavarra.edu.co\\\/\"},{\"@type\":\"ListItem\",\"position\":2,\"name\":\"Consultorio Ambiental de UNINAVARRA fortalece su compromiso con la gesti\u00f3n sostenible de residuos RAEE\"}]},{\"@type\":\"WebSite\",\"@id\":\"https:\\\/\\\/uninavarra.edu.co\\\/#website\",\"url\":\"https:\\\/\\\/uninavarra.edu.co\\\/\",\"name\":\"UNINAVARRA\",\"description\":\"Haz realidad tu deseo de aprender\",\"publisher\":{\"@id\":\"https:\\\/\\\/uninavarra.edu.co\\\/#organization\"},\"potentialAction\":[{\"@type\":\"SearchAction\",\"target\":{\"@type\":\"EntryPoint\",\"urlTemplate\":\"https:\\\/\\\/uninavarra.edu.co\\\/?s={search_term_string}\"},\"query-input\":{\"@type\":\"PropertyValueSpecification\",\"valueRequired\":true,\"valueName\":\"search_term_string\"}}],\"inLanguage\":\"en-US\"},{\"@type\":\"Organization\",\"@id\":\"https:\\\/\\\/uninavarra.edu.co\\\/#organization\",\"name\":\"Fundaci\u00f3n Universitaria Navarra - UNINAVARRA\",\"url\":\"https:\\\/\\\/uninavarra.edu.co\\\/\",\"logo\":{\"@type\":\"ImageObject\",\"inLanguage\":\"en-US\",\"@id\":\"https:\\\/\\\/uninavarra.edu.co\\\/#\\\/schema\\\/logo\\\/image\\\/\",\"url\":\"https:\\\/\\\/uninavarra.edu.co\\\/wp-content\\\/uploads\\\/2024\\\/06\\\/Escudo-uninavarra-Solo.png\",\"contentUrl\":\"https:\\\/\\\/uninavarra.edu.co\\\/wp-content\\\/uploads\\\/2024\\\/06\\\/Escudo-uninavarra-Solo.png\",\"width\":1500,\"height\":1401,\"caption\":\"Fundaci\u00f3n Universitaria Navarra - UNINAVARRA\"},\"image\":{\"@id\":\"https:\\\/\\\/uninavarra.edu.co\\\/#\\\/schema\\\/logo\\\/image\\\/\"},\"sameAs\":[\"https:\\\/\\\/www.facebook.com\\\/UninavarraEduca\",\"https:\\\/\\\/x.com\\\/uninavarraeduca\",\"https:\\\/\\\/www.instagram.com\\\/uninavarra\\\/?hl=es\",\"https:\\\/\\\/www.linkedin.com\\\/in\\\/fundacin-universitaria-navarra-uninavarra-b41225222\\\/\"]},{\"@type\":\"Person\",\"@id\":\"https:\\\/\\\/uninavarra.edu.co\\\/#\\\/schema\\\/person\\\/23524a63845108ea58e4a77307b70418\",\"name\":\"Webmaster UNINAVARRA\",\"url\":\"https:\\\/\\\/uninavarra.edu.co\\\/en\\\/author\\\/uninavarra1\\\/\"}]}<\/script>\n<!-- \/ Yoast SEO plugin. -->","yoast_head_json":{"title":"Consultorio Ambiental de UNINAVARRA fortalece su compromiso con la gesti\u00f3n sostenible de residuos RAEE - Uninavarra","robots":{"index":"index","follow":"follow","max-snippet":"max-snippet:-1","max-image-preview":"max-image-preview:large","max-video-preview":"max-video-preview:-1"},"canonical":"https:\/\/uninavarra.edu.co\/en\/actualidad-uninavarra\/consultorio-ambiental-de-uninavarra-fortalece-su-compromiso-con-la-gestion-sostenible-de-residuos-raee\/","og_locale":"en_US","og_type":"article","og_title":"Consultorio Ambiental de UNINAVARRA fortalece su compromiso con la gesti\u00f3n sostenible de residuos RAEE - Uninavarra","og_url":"https:\/\/uninavarra.edu.co\/en\/actualidad-uninavarra\/consultorio-ambiental-de-uninavarra-fortalece-su-compromiso-con-la-gestion-sostenible-de-residuos-raee\/","og_site_name":"Uninavarra","article_publisher":"https:\/\/www.facebook.com\/UninavarraEduca","article_published_time":"2026-04-27T15:41:23+00:00","og_image":[{"width":658,"height":392,"url":"https:\/\/uninavarra.edu.co\/wp-content\/uploads\/2026\/04\/Portada-Gestion-Integral-de-Residuos.png","type":"image\/png"}],"author":"Webmaster UNINAVARRA","twitter_card":"summary_large_image","twitter_creator":"@uninavarraeduca","twitter_site":"@uninavarraeduca","twitter_misc":{"Written by":"Webmaster UNINAVARRA","Est. reading time":"1 minute"},"schema":{"@context":"https:\/\/schema.org","@graph":[{"@type":"Article","@id":"https:\/\/uninavarra.edu.co\/actualidad-uninavarra\/consultorio-ambiental-de-uninavarra-fortalece-su-compromiso-con-la-gestion-sostenible-de-residuos-raee\/#article","isPartOf":{"@id":"https:\/\/uninavarra.edu.co\/actualidad-uninavarra\/consultorio-ambiental-de-uninavarra-fortalece-su-compromiso-con-la-gestion-sostenible-de-residuos-raee\/"},"author":{"name":"Webmaster UNINAVARRA","@id":"https:\/\/uninavarra.edu.co\/#\/schema\/person\/23524a63845108ea58e4a77307b70418"},"headline":"Consultorio Ambiental de UNINAVARRA fortalece su compromiso con la gesti\u00f3n sostenible de residuos RAEE","datePublished":"2026-04-27T15:41:23+00:00","mainEntityOfPage":{"@id":"https:\/\/uninavarra.edu.co\/actualidad-uninavarra\/consultorio-ambiental-de-uninavarra-fortalece-su-compromiso-con-la-gestion-sostenible-de-residuos-raee\/"},"wordCount":289,"publisher":{"@id":"https:\/\/uninavarra.edu.co\/#organization"},"image":{"@id":"https:\/\/uninavarra.edu.co\/actualidad-uninavarra\/consultorio-ambiental-de-uninavarra-fortalece-su-compromiso-con-la-gestion-sostenible-de-residuos-raee\/#primaryimage"},"thumbnailUrl":"https:\/\/uninavarra.edu.co\/wp-content\/uploads\/2026\/04\/Portada-Gestion-Integral-de-Residuos.png","articleSection":["Actualidad UNINAVARRA"],"inLanguage":"en-US"},{"@type":"WebPage","@id":"https:\/\/uninavarra.edu.co\/actualidad-uninavarra\/consultorio-ambiental-de-uninavarra-fortalece-su-compromiso-con-la-gestion-sostenible-de-residuos-raee\/","url":"https:\/\/uninavarra.edu.co\/actualidad-uninavarra\/consultorio-ambiental-de-uninavarra-fortalece-su-compromiso-con-la-gestion-sostenible-de-residuos-raee\/","name":"Consultorio Ambiental de UNINAVARRA fortalece su compromiso con la gesti\u00f3n sostenible de residuos RAEE - Uninavarra","isPartOf":{"@id":"https:\/\/uninavarra.edu.co\/#website"},"primaryImageOfPage":{"@id":"https:\/\/uninavarra.edu.co\/actualidad-uninavarra\/consultorio-ambiental-de-uninavarra-fortalece-su-compromiso-con-la-gestion-sostenible-de-residuos-raee\/#primaryimage"},"image":{"@id":"https:\/\/uninavarra.edu.co\/actualidad-uninavarra\/consultorio-ambiental-de-uninavarra-fortalece-su-compromiso-con-la-gestion-sostenible-de-residuos-raee\/#primaryimage"},"thumbnailUrl":"https:\/\/uninavarra.edu.co\/wp-content\/uploads\/2026\/04\/Portada-Gestion-Integral-de-Residuos.png","datePublished":"2026-04-27T15:41:23+00:00","breadcrumb":{"@id":"https:\/\/uninavarra.edu.co\/actualidad-uninavarra\/consultorio-ambiental-de-uninavarra-fortalece-su-compromiso-con-la-gestion-sostenible-de-residuos-raee\/#breadcrumb"},"inLanguage":"en-US","potentialAction":[{"@type":"ReadAction","target":["https:\/\/uninavarra.edu.co\/actualidad-uninavarra\/consultorio-ambiental-de-uninavarra-fortalece-su-compromiso-con-la-gestion-sostenible-de-residuos-raee\/"]}]},{"@type":"ImageObject","inLanguage":"en-US","@id":"https:\/\/uninavarra.edu.co\/actualidad-uninavarra\/consultorio-ambiental-de-uninavarra-fortalece-su-compromiso-con-la-gestion-sostenible-de-residuos-raee\/#primaryimage","url":"https:\/\/uninavarra.edu.co\/wp-content\/uploads\/2026\/04\/Portada-Gestion-Integral-de-Residuos.png","contentUrl":"https:\/\/uninavarra.edu.co\/wp-content\/uploads\/2026\/04\/Portada-Gestion-Integral-de-Residuos.png","width":658,"height":392},{"@type":"BreadcrumbList","@id":"https:\/\/uninavarra.edu.co\/actualidad-uninavarra\/consultorio-ambiental-de-uninavarra-fortalece-su-compromiso-con-la-gestion-sostenible-de-residuos-raee\/#breadcrumb","itemListElement":[{"@type":"ListItem","position":1,"name":"Home","item":"https:\/\/uninavarra.edu.co\/"},{"@type":"ListItem","position":2,"name":"Consultorio Ambiental de UNINAVARRA fortalece su compromiso con la gesti\u00f3n sostenible de residuos RAEE"}]},{"@type":"WebSite","@id":"https:\/\/uninavarra.edu.co\/#website","url":"https:\/\/uninavarra.edu.co\/","name":"UNINAVARRA","description":"Make your desire to learn a reality","publisher":{"@id":"https:\/\/uninavarra.edu.co\/#organization"},"potentialAction":[{"@type":"SearchAction","target":{"@type":"EntryPoint","urlTemplate":"https:\/\/uninavarra.edu.co\/?s={search_term_string}"},"query-input":{"@type":"PropertyValueSpecification","valueRequired":true,"valueName":"search_term_string"}}],"inLanguage":"en-US"},{"@type":"Organization","@id":"https:\/\/uninavarra.edu.co\/#organization","name":"Navarre University Foundation - UNINAVARRA","url":"https:\/\/uninavarra.edu.co\/","logo":{"@type":"ImageObject","inLanguage":"en-US","@id":"https:\/\/uninavarra.edu.co\/#\/schema\/logo\/image\/","url":"https:\/\/uninavarra.edu.co\/wp-content\/uploads\/2024\/06\/Escudo-uninavarra-Solo.png","contentUrl":"https:\/\/uninavarra.edu.co\/wp-content\/uploads\/2024\/06\/Escudo-uninavarra-Solo.png","width":1500,"height":1401,"caption":"Fundaci\u00f3n Universitaria Navarra - UNINAVARRA"},"image":{"@id":"https:\/\/uninavarra.edu.co\/#\/schema\/logo\/image\/"},"sameAs":["https:\/\/www.facebook.com\/UninavarraEduca","https:\/\/x.com\/uninavarraeduca","https:\/\/www.instagram.com\/uninavarra\/?hl=es","https:\/\/www.linkedin.com\/in\/fundacin-universitaria-navarra-uninavarra-b41225222\/"]},{"@type":"Person","@id":"https:\/\/uninavarra.edu.co\/#\/schema\/person\/23524a63845108ea58e4a77307b70418","name":"Webmaster UNINAVARRA","url":"https:\/\/uninavarra.edu.co\/en\/author\/uninavarra1\/"}]}},"_links":{"self":[{"href":"https:\/\/uninavarra.edu.co\/en\/wp-json\/wp\/v2\/posts\/99122","targetHints":{"allow":["GET"]}}],"collection":[{"href":"https:\/\/uninavarra.edu.co\/en\/wp-json\/wp\/v2\/posts"}],"about":[{"href":"https:\/\/uninavarra.edu.co\/en\/wp-json\/wp\/v2\/types\/post"}],"author":[{"embeddable":true,"href":"https:\/\/uninavarra.edu.co\/en\/wp-json\/wp\/v2\/users\/13"}],"replies":[{"embeddable":true,"href":"https:\/\/uninavarra.edu.co\/en\/wp-json\/wp\/v2\/comments?post=99122"}],"version-history":[{"count":9,"href":"https:\/\/uninavarra.edu.co\/en\/wp-json\/wp\/v2\/posts\/99122\/revisions"}],"predecessor-version":[{"id":99133,"href":"https:\/\/uninavarra.edu.co\/en\/wp-json\/wp\/v2\/posts\/99122\/revisions\/99133"}],"wp:featuredmedia":[{"embeddable":true,"href":"https:\/\/uninavarra.edu.co\/en\/wp-json\/wp\/v2\/media\/99124"}],"wp:attachment":[{"href":"https:\/\/uninavarra.edu.co\/en\/wp-json\/wp\/v2\/media?parent=99122"}],"wp:term":[{"taxonomy":"category","embeddable":true,"href":"https:\/\/uninavarra.edu.co\/en\/wp-json\/wp\/v2\/categories?post=99122"},{"taxonomy":"post_tag","embeddable":true,"href":"https:\/\/uninavarra.edu.co\/en\/wp-json\/wp\/v2\/tags?post=99122"}],"curies":[{"name":"wp","href":"https:\/\/api.w.org\/{rel}","templated":true}]}}