{"id":98458,"date":"2026-03-17T14:52:39","date_gmt":"2026-03-17T19:52:39","guid":{"rendered":"https:\/\/uninavarra.edu.co\/?p=98458"},"modified":"2026-03-17T14:53:21","modified_gmt":"2026-03-17T19:53:21","slug":"uninavarra-dio-la-bienvenida-a-los-nuevos-estudiantes-del-premedico-2026-1","status":"publish","type":"post","link":"https:\/\/uninavarra.edu.co\/en\/actualidad-uninavarra\/uninavarra-dio-la-bienvenida-a-los-nuevos-estudiantes-del-premedico-2026-1\/","title":{"rendered":"UNINAVARRA welcomed the new students of Premedical 2026-1"},"content":{"rendered":"<div class=\"wpb-content-wrapper\"><div class=\"wpb-container\"><div class=\"container\"><div class=\"vc_row wpb_row vc_row-fluid row\"><div class=\"col-sm-2  vc_\">\n\t\t<div class=\"wpb_wrapper\">\n\t\t\t\n\t\t<\/div> \n\t<\/div><div class=\"col-sm-8  vc_\">\n\t\t<div class=\"wpb_wrapper\">\n\t\t\t<div class=\"vc_empty_space\"   style=\"height: 32px\"><span class=\"vc_empty_space_inner\"><\/span><\/div>\n\t<div class=\"wpb_text_column wpb_content_element\" >\n\t\t<div class=\"wpb_wrapper\">\n\t\t\t<p style=\"text-align: center;\"><span style=\"font-size: 24px; color: #e30613;\"><strong>UNINAVARRA welcomed the new students of Premedical 2026-1<\/strong><\/span><\/p>\n\n\t\t<\/div>\n\t<\/div>\n\n\t\t<\/div> \n\t<\/div><div class=\"col-sm-2  vc_\">\n\t\t<div class=\"wpb_wrapper\">\n\t\t\t\n\t\t<\/div> \n\t<\/div><\/div><\/div><\/div><div class=\"wpb-container\"><div class=\"container\"><div class=\"vc_row wpb_row vc_row-fluid row\"><div class=\"col-sm-2  vc_\">\n\t\t<div class=\"wpb_wrapper\">\n\t\t\t\n\t\t<\/div> \n\t<\/div><div class=\"col-sm-8  vc_\">\n\t\t<div class=\"wpb_wrapper\">\n\t\t\t<div class=\"wpb_single_image wpb_content_element vc_align_center\">\n\t\t<div class=\"wpb_wrapper\">\n\t\t\t\n\t\t\t<a href=\"https:\/\/uninavarra.edu.co\/wp-content\/uploads\/2026\/03\/Premedico-2026-1.jpg\" target=\"_self\"><img fetchpriority=\"high\" decoding=\"async\" width=\"1581\" height=\"942\" src=\"https:\/\/uninavarra.edu.co\/wp-content\/uploads\/2026\/03\/Premedico-2026-1.jpg\" class=\"vc_box_border_grey attachment-full\" alt=\"\" title=\"Premedical 2026-1\" srcset=\"https:\/\/uninavarra.edu.co\/wp-content\/uploads\/2026\/03\/Premedico-2026-1.jpg 1581w, https:\/\/uninavarra.edu.co\/wp-content\/uploads\/2026\/03\/Premedico-2026-1-300x179.jpg 300w, https:\/\/uninavarra.edu.co\/wp-content\/uploads\/2026\/03\/Premedico-2026-1-1024x610.jpg 1024w, https:\/\/uninavarra.edu.co\/wp-content\/uploads\/2026\/03\/Premedico-2026-1-150x89.jpg 150w, https:\/\/uninavarra.edu.co\/wp-content\/uploads\/2026\/03\/Premedico-2026-1-768x458.jpg 768w, https:\/\/uninavarra.edu.co\/wp-content\/uploads\/2026\/03\/Premedico-2026-1-1536x915.jpg 1536w, https:\/\/uninavarra.edu.co\/wp-content\/uploads\/2026\/03\/Premedico-2026-1-18x12.jpg 18w, https:\/\/uninavarra.edu.co\/wp-content\/uploads\/2026\/03\/Premedico-2026-1-650x388.jpg 650w\" sizes=\"(max-width: 1581px) 100vw, 1581px\" \/><\/a>\n\t\t<\/div> \n\t<\/div>\n\t\t<\/div> \n\t<\/div><div class=\"col-sm-2  vc_\">\n\t\t<div class=\"wpb_wrapper\">\n\t\t\t\n\t\t<\/div> \n\t<\/div><\/div><\/div><\/div><div class=\"wpb-container\"><div class=\"container\"><div class=\"vc_row wpb_row vc_row-fluid row\"><div class=\"col-sm-2  vc_\">\n\t\t<div class=\"wpb_wrapper\">\n\t\t\t\n\t\t<\/div> \n\t<\/div><div class=\"col-sm-8  vc_\">\n\t\t<div class=\"wpb_wrapper\">\n\t\t\t\n\t<div class=\"wpb_text_column wpb_content_element\" >\n\t\t<div class=\"wpb_wrapper\">\n\t\t\t<p style=\"font-family: tahoma, arial, helvetica, sans-serif; font-size: 16px;\">The induction day was held on March 16 at the institution's campus, with the accompaniment of directors and teachers, who introduced the students to the services, regulations and academic tools that will be part of their education.<\/p>\n<p style=\"font-family: tahoma, arial, helvetica, sans-serif; font-size: 16px;\"><strong>This is how the first day of the pre-medical course went<\/strong><\/p>\n<p style=\"font-family: tahoma, arial, helvetica, sans-serif; font-size: 16px;\">The Navarra University Foundation - UNINAVARRA held this March 16 the induction day for students who started the Pre-medical course corresponding to the academic period 2026-1. The meeting was held from 7 AM, where directors, teachers and administrative staff welcomed the new members of the academic community.<\/p>\n<p style=\"font-family: tahoma, arial, helvetica, sans-serif; font-size: 16px;\">During the induction, the Academic Vice Rector addressed the new students, highlighting the importance of this first step on the road to medical training, emphasizing the institutional commitment to quality education. The event was also attended by the dean of the Faculty of Health Sciences and Basic Sciences, Dr. Ninis Beatriz Yance; the director of the Medicine program, Dr. Mar\u00eda Camila Medina Quintero, among other academic directors.<\/p>\n<p style=\"font-family: tahoma, arial, helvetica, sans-serif; font-size: 16px;\">Thirteen young people from different municipalities in the southern part of the country participated in the induction program. The students learned about institutional operations, academic regulations, university welfare policies, technological tools and the bibliographic resources available to support their educational process.<\/p>\n<p style=\"font-family: tahoma, arial, helvetica, sans-serif; font-size: 16px;\">They also participated in integration activities, a tour of the university facilities and a recreational activity organized by University Welfare, which closed this day of welcome for those who begin their academic process in the UNINAVARRA Pre-medical School.<\/p>\n\n\t\t<\/div>\n\t<\/div>\n\n\t\t<\/div> \n\t<\/div><div class=\"col-sm-2  vc_\">\n\t\t<div class=\"wpb_wrapper\">\n\t\t\t\n\t\t<\/div> \n\t<\/div><\/div><\/div><\/div>\n<\/div>","protected":false},"excerpt":{"rendered":"UNINAVARRA dio la bienvenida a los nuevos estudiantes del Prem\u00e9dico 2026-1 La jornada de inducci\u00f3n se realiz\u00f3 este 16 de marzo en el campus de la instituci\u00f3n, con el acompa\u00f1amiento [...]","protected":false},"author":13,"featured_media":98456,"comment_status":"closed","ping_status":"closed","sticky":false,"template":"","format":"standard","meta":{"footnotes":""},"categories":[361],"tags":[],"class_list":["post-98458","post","type-post","status-publish","format-standard","has-post-thumbnail","hentry","category-actualidad-uninavarra"],"yoast_head":"<!-- This site is optimized with the Yoast SEO plugin v27.4 - https:\/\/yoast.com\/product\/yoast-seo-wordpress\/ -->\n<title>UNINAVARRA dio la bienvenida a los nuevos estudiantes del Prem\u00e9dico 2026-1 - Uninavarra<\/title>\n<meta name=\"robots\" content=\"index, follow, max-snippet:-1, max-image-preview:large, max-video-preview:-1\" \/>\n<link rel=\"canonical\" href=\"https:\/\/uninavarra.edu.co\/en\/actualidad-uninavarra\/uninavarra-dio-la-bienvenida-a-los-nuevos-estudiantes-del-premedico-2026-1\/\" \/>\n<meta property=\"og:locale\" content=\"en_US\" \/>\n<meta property=\"og:type\" content=\"article\" \/>\n<meta property=\"og:title\" content=\"UNINAVARRA dio la bienvenida a los nuevos estudiantes del Prem\u00e9dico 2026-1 - Uninavarra\" \/>\n<meta property=\"og:url\" content=\"https:\/\/uninavarra.edu.co\/en\/actualidad-uninavarra\/uninavarra-dio-la-bienvenida-a-los-nuevos-estudiantes-del-premedico-2026-1\/\" \/>\n<meta property=\"og:site_name\" content=\"Uninavarra\" \/>\n<meta property=\"article:publisher\" content=\"https:\/\/www.facebook.com\/UninavarraEduca\" \/>\n<meta property=\"article:published_time\" content=\"2026-03-17T19:52:39+00:00\" \/>\n<meta property=\"article:modified_time\" content=\"2026-03-17T19:53:21+00:00\" \/>\n<meta property=\"og:image\" content=\"https:\/\/uninavarra.edu.co\/wp-content\/uploads\/2026\/03\/Premedico-2026-2.jpg\" \/>\n\t<meta property=\"og:image:width\" content=\"1581\" \/>\n\t<meta property=\"og:image:height\" content=\"942\" \/>\n\t<meta property=\"og:image:type\" content=\"image\/jpeg\" \/>\n<meta name=\"author\" content=\"Webmaster UNINAVARRA\" \/>\n<meta name=\"twitter:card\" content=\"summary_large_image\" \/>\n<meta name=\"twitter:creator\" content=\"@uninavarraeduca\" \/>\n<meta name=\"twitter:site\" content=\"@uninavarraeduca\" \/>\n<meta name=\"twitter:label1\" content=\"Written by\" \/>\n\t<meta name=\"twitter:data1\" content=\"Webmaster UNINAVARRA\" \/>\n\t<meta name=\"twitter:label2\" content=\"Est. reading time\" \/>\n\t<meta name=\"twitter:data2\" content=\"2 minutes\" \/>\n<script type=\"application\/ld+json\" class=\"yoast-schema-graph\">{\"@context\":\"https:\\\/\\\/schema.org\",\"@graph\":[{\"@type\":\"Article\",\"@id\":\"https:\\\/\\\/uninavarra.edu.co\\\/actualidad-uninavarra\\\/uninavarra-dio-la-bienvenida-a-los-nuevos-estudiantes-del-premedico-2026-1\\\/#article\",\"isPartOf\":{\"@id\":\"https:\\\/\\\/uninavarra.edu.co\\\/actualidad-uninavarra\\\/uninavarra-dio-la-bienvenida-a-los-nuevos-estudiantes-del-premedico-2026-1\\\/\"},\"author\":{\"name\":\"Webmaster UNINAVARRA\",\"@id\":\"https:\\\/\\\/uninavarra.edu.co\\\/#\\\/schema\\\/person\\\/23524a63845108ea58e4a77307b70418\"},\"headline\":\"UNINAVARRA dio la bienvenida a los nuevos estudiantes del Prem\u00e9dico 2026-1\",\"datePublished\":\"2026-03-17T19:52:39+00:00\",\"dateModified\":\"2026-03-17T19:53:21+00:00\",\"mainEntityOfPage\":{\"@id\":\"https:\\\/\\\/uninavarra.edu.co\\\/actualidad-uninavarra\\\/uninavarra-dio-la-bienvenida-a-los-nuevos-estudiantes-del-premedico-2026-1\\\/\"},\"wordCount\":417,\"publisher\":{\"@id\":\"https:\\\/\\\/uninavarra.edu.co\\\/#organization\"},\"image\":{\"@id\":\"https:\\\/\\\/uninavarra.edu.co\\\/actualidad-uninavarra\\\/uninavarra-dio-la-bienvenida-a-los-nuevos-estudiantes-del-premedico-2026-1\\\/#primaryimage\"},\"thumbnailUrl\":\"https:\\\/\\\/uninavarra.edu.co\\\/wp-content\\\/uploads\\\/2026\\\/03\\\/Premedico-2026-2.jpg\",\"articleSection\":[\"Actualidad UNINAVARRA\"],\"inLanguage\":\"en-US\"},{\"@type\":\"WebPage\",\"@id\":\"https:\\\/\\\/uninavarra.edu.co\\\/actualidad-uninavarra\\\/uninavarra-dio-la-bienvenida-a-los-nuevos-estudiantes-del-premedico-2026-1\\\/\",\"url\":\"https:\\\/\\\/uninavarra.edu.co\\\/actualidad-uninavarra\\\/uninavarra-dio-la-bienvenida-a-los-nuevos-estudiantes-del-premedico-2026-1\\\/\",\"name\":\"UNINAVARRA dio la bienvenida a los nuevos estudiantes del Prem\u00e9dico 2026-1 - Uninavarra\",\"isPartOf\":{\"@id\":\"https:\\\/\\\/uninavarra.edu.co\\\/#website\"},\"primaryImageOfPage\":{\"@id\":\"https:\\\/\\\/uninavarra.edu.co\\\/actualidad-uninavarra\\\/uninavarra-dio-la-bienvenida-a-los-nuevos-estudiantes-del-premedico-2026-1\\\/#primaryimage\"},\"image\":{\"@id\":\"https:\\\/\\\/uninavarra.edu.co\\\/actualidad-uninavarra\\\/uninavarra-dio-la-bienvenida-a-los-nuevos-estudiantes-del-premedico-2026-1\\\/#primaryimage\"},\"thumbnailUrl\":\"https:\\\/\\\/uninavarra.edu.co\\\/wp-content\\\/uploads\\\/2026\\\/03\\\/Premedico-2026-2.jpg\",\"datePublished\":\"2026-03-17T19:52:39+00:00\",\"dateModified\":\"2026-03-17T19:53:21+00:00\",\"breadcrumb\":{\"@id\":\"https:\\\/\\\/uninavarra.edu.co\\\/actualidad-uninavarra\\\/uninavarra-dio-la-bienvenida-a-los-nuevos-estudiantes-del-premedico-2026-1\\\/#breadcrumb\"},\"inLanguage\":\"en-US\",\"potentialAction\":[{\"@type\":\"ReadAction\",\"target\":[\"https:\\\/\\\/uninavarra.edu.co\\\/actualidad-uninavarra\\\/uninavarra-dio-la-bienvenida-a-los-nuevos-estudiantes-del-premedico-2026-1\\\/\"]}]},{\"@type\":\"ImageObject\",\"inLanguage\":\"en-US\",\"@id\":\"https:\\\/\\\/uninavarra.edu.co\\\/actualidad-uninavarra\\\/uninavarra-dio-la-bienvenida-a-los-nuevos-estudiantes-del-premedico-2026-1\\\/#primaryimage\",\"url\":\"https:\\\/\\\/uninavarra.edu.co\\\/wp-content\\\/uploads\\\/2026\\\/03\\\/Premedico-2026-2.jpg\",\"contentUrl\":\"https:\\\/\\\/uninavarra.edu.co\\\/wp-content\\\/uploads\\\/2026\\\/03\\\/Premedico-2026-2.jpg\",\"width\":1581,\"height\":942},{\"@type\":\"BreadcrumbList\",\"@id\":\"https:\\\/\\\/uninavarra.edu.co\\\/actualidad-uninavarra\\\/uninavarra-dio-la-bienvenida-a-los-nuevos-estudiantes-del-premedico-2026-1\\\/#breadcrumb\",\"itemListElement\":[{\"@type\":\"ListItem\",\"position\":1,\"name\":\"Home\",\"item\":\"https:\\\/\\\/uninavarra.edu.co\\\/\"},{\"@type\":\"ListItem\",\"position\":2,\"name\":\"UNINAVARRA dio la bienvenida a los nuevos estudiantes del Prem\u00e9dico 2026-1\"}]},{\"@type\":\"WebSite\",\"@id\":\"https:\\\/\\\/uninavarra.edu.co\\\/#website\",\"url\":\"https:\\\/\\\/uninavarra.edu.co\\\/\",\"name\":\"UNINAVARRA\",\"description\":\"Haz realidad tu deseo de aprender\",\"publisher\":{\"@id\":\"https:\\\/\\\/uninavarra.edu.co\\\/#organization\"},\"potentialAction\":[{\"@type\":\"SearchAction\",\"target\":{\"@type\":\"EntryPoint\",\"urlTemplate\":\"https:\\\/\\\/uninavarra.edu.co\\\/?s={search_term_string}\"},\"query-input\":{\"@type\":\"PropertyValueSpecification\",\"valueRequired\":true,\"valueName\":\"search_term_string\"}}],\"inLanguage\":\"en-US\"},{\"@type\":\"Organization\",\"@id\":\"https:\\\/\\\/uninavarra.edu.co\\\/#organization\",\"name\":\"Fundaci\u00f3n Universitaria Navarra - UNINAVARRA\",\"url\":\"https:\\\/\\\/uninavarra.edu.co\\\/\",\"logo\":{\"@type\":\"ImageObject\",\"inLanguage\":\"en-US\",\"@id\":\"https:\\\/\\\/uninavarra.edu.co\\\/#\\\/schema\\\/logo\\\/image\\\/\",\"url\":\"https:\\\/\\\/uninavarra.edu.co\\\/wp-content\\\/uploads\\\/2024\\\/06\\\/Escudo-uninavarra-Solo.png\",\"contentUrl\":\"https:\\\/\\\/uninavarra.edu.co\\\/wp-content\\\/uploads\\\/2024\\\/06\\\/Escudo-uninavarra-Solo.png\",\"width\":1500,\"height\":1401,\"caption\":\"Fundaci\u00f3n Universitaria Navarra - UNINAVARRA\"},\"image\":{\"@id\":\"https:\\\/\\\/uninavarra.edu.co\\\/#\\\/schema\\\/logo\\\/image\\\/\"},\"sameAs\":[\"https:\\\/\\\/www.facebook.com\\\/UninavarraEduca\",\"https:\\\/\\\/x.com\\\/uninavarraeduca\",\"https:\\\/\\\/www.instagram.com\\\/uninavarra\\\/?hl=es\",\"https:\\\/\\\/www.linkedin.com\\\/in\\\/fundacin-universitaria-navarra-uninavarra-b41225222\\\/\"]},{\"@type\":\"Person\",\"@id\":\"https:\\\/\\\/uninavarra.edu.co\\\/#\\\/schema\\\/person\\\/23524a63845108ea58e4a77307b70418\",\"name\":\"Webmaster UNINAVARRA\",\"url\":\"https:\\\/\\\/uninavarra.edu.co\\\/en\\\/author\\\/uninavarra1\\\/\"}]}<\/script>\n<!-- \/ Yoast SEO plugin. -->","yoast_head_json":{"title":"UNINAVARRA welcomed the new students of Premedical 2026-1 - Uninavarra","robots":{"index":"index","follow":"follow","max-snippet":"max-snippet:-1","max-image-preview":"max-image-preview:large","max-video-preview":"max-video-preview:-1"},"canonical":"https:\/\/uninavarra.edu.co\/en\/actualidad-uninavarra\/uninavarra-dio-la-bienvenida-a-los-nuevos-estudiantes-del-premedico-2026-1\/","og_locale":"en_US","og_type":"article","og_title":"UNINAVARRA dio la bienvenida a los nuevos estudiantes del Prem\u00e9dico 2026-1 - Uninavarra","og_url":"https:\/\/uninavarra.edu.co\/en\/actualidad-uninavarra\/uninavarra-dio-la-bienvenida-a-los-nuevos-estudiantes-del-premedico-2026-1\/","og_site_name":"Uninavarra","article_publisher":"https:\/\/www.facebook.com\/UninavarraEduca","article_published_time":"2026-03-17T19:52:39+00:00","article_modified_time":"2026-03-17T19:53:21+00:00","og_image":[{"width":1581,"height":942,"url":"https:\/\/uninavarra.edu.co\/wp-content\/uploads\/2026\/03\/Premedico-2026-2.jpg","type":"image\/jpeg"}],"author":"Webmaster UNINAVARRA","twitter_card":"summary_large_image","twitter_creator":"@uninavarraeduca","twitter_site":"@uninavarraeduca","twitter_misc":{"Written by":"Webmaster UNINAVARRA","Est. reading time":"2 minutes"},"schema":{"@context":"https:\/\/schema.org","@graph":[{"@type":"Article","@id":"https:\/\/uninavarra.edu.co\/actualidad-uninavarra\/uninavarra-dio-la-bienvenida-a-los-nuevos-estudiantes-del-premedico-2026-1\/#article","isPartOf":{"@id":"https:\/\/uninavarra.edu.co\/actualidad-uninavarra\/uninavarra-dio-la-bienvenida-a-los-nuevos-estudiantes-del-premedico-2026-1\/"},"author":{"name":"Webmaster UNINAVARRA","@id":"https:\/\/uninavarra.edu.co\/#\/schema\/person\/23524a63845108ea58e4a77307b70418"},"headline":"UNINAVARRA dio la bienvenida a los nuevos estudiantes del Prem\u00e9dico 2026-1","datePublished":"2026-03-17T19:52:39+00:00","dateModified":"2026-03-17T19:53:21+00:00","mainEntityOfPage":{"@id":"https:\/\/uninavarra.edu.co\/actualidad-uninavarra\/uninavarra-dio-la-bienvenida-a-los-nuevos-estudiantes-del-premedico-2026-1\/"},"wordCount":417,"publisher":{"@id":"https:\/\/uninavarra.edu.co\/#organization"},"image":{"@id":"https:\/\/uninavarra.edu.co\/actualidad-uninavarra\/uninavarra-dio-la-bienvenida-a-los-nuevos-estudiantes-del-premedico-2026-1\/#primaryimage"},"thumbnailUrl":"https:\/\/uninavarra.edu.co\/wp-content\/uploads\/2026\/03\/Premedico-2026-2.jpg","articleSection":["Actualidad UNINAVARRA"],"inLanguage":"en-US"},{"@type":"WebPage","@id":"https:\/\/uninavarra.edu.co\/actualidad-uninavarra\/uninavarra-dio-la-bienvenida-a-los-nuevos-estudiantes-del-premedico-2026-1\/","url":"https:\/\/uninavarra.edu.co\/actualidad-uninavarra\/uninavarra-dio-la-bienvenida-a-los-nuevos-estudiantes-del-premedico-2026-1\/","name":"UNINAVARRA welcomed the new students of Premedical 2026-1 - Uninavarra","isPartOf":{"@id":"https:\/\/uninavarra.edu.co\/#website"},"primaryImageOfPage":{"@id":"https:\/\/uninavarra.edu.co\/actualidad-uninavarra\/uninavarra-dio-la-bienvenida-a-los-nuevos-estudiantes-del-premedico-2026-1\/#primaryimage"},"image":{"@id":"https:\/\/uninavarra.edu.co\/actualidad-uninavarra\/uninavarra-dio-la-bienvenida-a-los-nuevos-estudiantes-del-premedico-2026-1\/#primaryimage"},"thumbnailUrl":"https:\/\/uninavarra.edu.co\/wp-content\/uploads\/2026\/03\/Premedico-2026-2.jpg","datePublished":"2026-03-17T19:52:39+00:00","dateModified":"2026-03-17T19:53:21+00:00","breadcrumb":{"@id":"https:\/\/uninavarra.edu.co\/actualidad-uninavarra\/uninavarra-dio-la-bienvenida-a-los-nuevos-estudiantes-del-premedico-2026-1\/#breadcrumb"},"inLanguage":"en-US","potentialAction":[{"@type":"ReadAction","target":["https:\/\/uninavarra.edu.co\/actualidad-uninavarra\/uninavarra-dio-la-bienvenida-a-los-nuevos-estudiantes-del-premedico-2026-1\/"]}]},{"@type":"ImageObject","inLanguage":"en-US","@id":"https:\/\/uninavarra.edu.co\/actualidad-uninavarra\/uninavarra-dio-la-bienvenida-a-los-nuevos-estudiantes-del-premedico-2026-1\/#primaryimage","url":"https:\/\/uninavarra.edu.co\/wp-content\/uploads\/2026\/03\/Premedico-2026-2.jpg","contentUrl":"https:\/\/uninavarra.edu.co\/wp-content\/uploads\/2026\/03\/Premedico-2026-2.jpg","width":1581,"height":942},{"@type":"BreadcrumbList","@id":"https:\/\/uninavarra.edu.co\/actualidad-uninavarra\/uninavarra-dio-la-bienvenida-a-los-nuevos-estudiantes-del-premedico-2026-1\/#breadcrumb","itemListElement":[{"@type":"ListItem","position":1,"name":"Home","item":"https:\/\/uninavarra.edu.co\/"},{"@type":"ListItem","position":2,"name":"UNINAVARRA dio la bienvenida a los nuevos estudiantes del Prem\u00e9dico 2026-1"}]},{"@type":"WebSite","@id":"https:\/\/uninavarra.edu.co\/#website","url":"https:\/\/uninavarra.edu.co\/","name":"UNINAVARRA","description":"Make your desire to learn a reality","publisher":{"@id":"https:\/\/uninavarra.edu.co\/#organization"},"potentialAction":[{"@type":"SearchAction","target":{"@type":"EntryPoint","urlTemplate":"https:\/\/uninavarra.edu.co\/?s={search_term_string}"},"query-input":{"@type":"PropertyValueSpecification","valueRequired":true,"valueName":"search_term_string"}}],"inLanguage":"en-US"},{"@type":"Organization","@id":"https:\/\/uninavarra.edu.co\/#organization","name":"Navarre University Foundation - UNINAVARRA","url":"https:\/\/uninavarra.edu.co\/","logo":{"@type":"ImageObject","inLanguage":"en-US","@id":"https:\/\/uninavarra.edu.co\/#\/schema\/logo\/image\/","url":"https:\/\/uninavarra.edu.co\/wp-content\/uploads\/2024\/06\/Escudo-uninavarra-Solo.png","contentUrl":"https:\/\/uninavarra.edu.co\/wp-content\/uploads\/2024\/06\/Escudo-uninavarra-Solo.png","width":1500,"height":1401,"caption":"Fundaci\u00f3n Universitaria Navarra - UNINAVARRA"},"image":{"@id":"https:\/\/uninavarra.edu.co\/#\/schema\/logo\/image\/"},"sameAs":["https:\/\/www.facebook.com\/UninavarraEduca","https:\/\/x.com\/uninavarraeduca","https:\/\/www.instagram.com\/uninavarra\/?hl=es","https:\/\/www.linkedin.com\/in\/fundacin-universitaria-navarra-uninavarra-b41225222\/"]},{"@type":"Person","@id":"https:\/\/uninavarra.edu.co\/#\/schema\/person\/23524a63845108ea58e4a77307b70418","name":"Webmaster UNINAVARRA","url":"https:\/\/uninavarra.edu.co\/en\/author\/uninavarra1\/"}]}},"_links":{"self":[{"href":"https:\/\/uninavarra.edu.co\/en\/wp-json\/wp\/v2\/posts\/98458","targetHints":{"allow":["GET"]}}],"collection":[{"href":"https:\/\/uninavarra.edu.co\/en\/wp-json\/wp\/v2\/posts"}],"about":[{"href":"https:\/\/uninavarra.edu.co\/en\/wp-json\/wp\/v2\/types\/post"}],"author":[{"embeddable":true,"href":"https:\/\/uninavarra.edu.co\/en\/wp-json\/wp\/v2\/users\/13"}],"replies":[{"embeddable":true,"href":"https:\/\/uninavarra.edu.co\/en\/wp-json\/wp\/v2\/comments?post=98458"}],"version-history":[{"count":0,"href":"https:\/\/uninavarra.edu.co\/en\/wp-json\/wp\/v2\/posts\/98458\/revisions"}],"wp:featuredmedia":[{"embeddable":true,"href":"https:\/\/uninavarra.edu.co\/en\/wp-json\/wp\/v2\/media\/98456"}],"wp:attachment":[{"href":"https:\/\/uninavarra.edu.co\/en\/wp-json\/wp\/v2\/media?parent=98458"}],"wp:term":[{"taxonomy":"category","embeddable":true,"href":"https:\/\/uninavarra.edu.co\/en\/wp-json\/wp\/v2\/categories?post=98458"},{"taxonomy":"post_tag","embeddable":true,"href":"https:\/\/uninavarra.edu.co\/en\/wp-json\/wp\/v2\/tags?post=98458"}],"curies":[{"name":"wp","href":"https:\/\/api.w.org\/{rel}","templated":true}]}}