{"id":96189,"date":"2025-12-30T17:11:39","date_gmt":"2025-12-30T22:11:39","guid":{"rendered":"https:\/\/uninavarra.edu.co\/?p=96189"},"modified":"2025-12-30T17:11:39","modified_gmt":"2025-12-30T22:11:39","slug":"acuerdo-065-de-2025-17-de-diciembre-por-medio-del-cual-se-modifica-el-anexo-1-del-acuerdo-055-del-29-de-octubre-de-2025-mediante-el-cual-se-fijaron-las-fechas-de-cortes-evaluativos-pa","status":"publish","type":"post","link":"https:\/\/uninavarra.edu.co\/en\/noticias-normatividad\/acuerdo-065-de-2025-17-de-diciembre-por-medio-del-cual-se-modifica-el-anexo-1-del-acuerdo-055-del-29-de-octubre-de-2025-mediante-el-cual-se-fijaron-las-fechas-de-cortes-evaluativos-pa\/","title":{"rendered":"AGREEMENT 065 OF 2025 (DECEMBER 17) \u201cBy means of which Annex 1\u00b0 of Agreement 055 of October 29, 2025 is modified, through which the dates of Evaluative Cuts were fixed to apply to the undergraduate programs of the Navarra University Foundation - UNINAVARRA, in the year 2026\u201d - Courses from 3 to 8 semesters of theoretical and theoretical-practical nature to be developed in the first 10 weeks of the academic periods 2026-1 and 2026-2."},"content":{"rendered":"<div class=\"wpb-content-wrapper\"><div class=\"wpb-container\"><div class=\"container\"><div class=\"vc_row wpb_row vc_row-fluid row\"><div class=\"col-sm-12  vc_\">\n\t\t<div class=\"wpb_wrapper\">\n\t\t\t\n\t<div class=\"wpb_text_column wpb_content_element\" >\n\t\t<div class=\"wpb_wrapper\">\n\t\t\t<div class=\"_df_book df-lite\" id=\"df_96185\"  _slug=\"acuerdo-065-de-2025-17-de-diciembre-por-medio-del-cual-se-modifica-el-anexo-1-del-acuerdo-055-del-29-de-octubre-de-2025-mediante-el-cual-se-fijaron-las-fechas-de-cortes-evaluativos-pa\" data-title=\"acuerdo-065-de-2025-17-de-diciembre-por-medio-del-cual-se-modifica-el-anexo-1-del-acuerdo-055-del-29-de-octubre-de-2025-mediante-el-cual-se-fijaron-las-fechas-de-cortes-evaluativos-pa\" wpoptions=\"true\" thumb=\"https:\/\/uninavarra.edu.co\/wp-content\/uploads\/2024\/07\/news-01-1-1.jpg\" thumbtype=\"\" ><\/div><script class=\"df-shortcode-script\" nowprocket type=\"application\/javascript\">window.option_df_96185 = {\"outline\":[],\"autoEnableOutline\":\"false\",\"autoEnableThumbnail\":\"false\",\"overwritePDFOutline\":\"false\",\"direction\":\"1\",\"pageSize\":\"0\",\"source\":\"https:\\\/\\\/uninavarra.edu.co\\\/wp-content\\\/uploads\\\/2025\\\/12\\\/Acuerdo-065-Modif-el-Anexo-1-del-Acuerdo-055-de-2025-Cortes-evaluativos-Enfermeria.pdf\",\"wpOptions\":\"true\"}; if(window.DFLIP && window.DFLIP.parseBooks){window.DFLIP.parseBooks();}<\/script>\n\n\t\t<\/div>\n\t<\/div>\n\n\t\t<\/div> \n\t<\/div><\/div><\/div><\/div><div class=\"wpb-container\"><div class=\"container\"><div class=\"vc_row wpb_row vc_row-fluid row\"><div class=\"col-sm-12  vc_\">\n\t\t<div class=\"wpb_wrapper\">\n\t\t\t\n\t<div class=\"wpb_text_column wpb_content_element\" >\n\t\t<div class=\"wpb_wrapper\">\n\t\t\t<p style=\"text-align: center;\">Modif 1 ANNEX 1o EVALUATIVE COURTS 2026<\/p>\n\n\t\t<\/div>\n\t<\/div>\n\n\t\t<\/div> \n\t<\/div><\/div><\/div><\/div><div class=\"wpb-container\"><div class=\"container\"><div class=\"vc_row wpb_row vc_row-fluid row\"><div class=\"col-sm-12  vc_\">\n\t\t<div class=\"wpb_wrapper\">\n\t\t\t\n\t<div class=\"wpb_text_column wpb_content_element\" >\n\t\t<div class=\"wpb_wrapper\">\n\t\t\t<div class=\"_df_book df-lite\" id=\"df_96187\"  _slug=\"modif-1-anexo-1o-cortes-evaluativos-2026\" data-title=\"modif-1-anexo-1o-cortes-evaluativos-2026\" wpoptions=\"true\" thumb=\"https:\/\/uninavarra.edu.co\/wp-content\/uploads\/2024\/07\/news-01-1-1.jpg\" thumbtype=\"\" ><\/div><script class=\"df-shortcode-script\" nowprocket type=\"application\/javascript\">window.option_df_96187 = {\"outline\":[],\"autoEnableOutline\":\"false\",\"autoEnableThumbnail\":\"false\",\"overwritePDFOutline\":\"false\",\"direction\":\"1\",\"pageSize\":\"0\",\"source\":\"https:\\\/\\\/uninavarra.edu.co\\\/wp-content\\\/uploads\\\/2025\\\/12\\\/Modif-1-ANEXO-1o-CORTES-EVALUATIVOS-2026.pdf\",\"wpOptions\":\"true\"}; if(window.DFLIP && window.DFLIP.parseBooks){window.DFLIP.parseBooks();}<\/script>\n\n\t\t<\/div>\n\t<\/div>\n\n\t\t<\/div> \n\t<\/div><\/div><\/div><\/div>\n<\/div>","protected":false},"excerpt":{"rendered":"Modif 1 ANNEX 1o EVALUATIVE COURTS 2026","protected":false},"author":13,"featured_media":77161,"comment_status":"closed","ping_status":"closed","sticky":false,"template":"","format":"standard","meta":{"footnotes":""},"categories":[141],"tags":[],"class_list":["post-96189","post","type-post","status-publish","format-standard","has-post-thumbnail","hentry","category-noticias-normatividad"],"yoast_head":"<!-- This site is optimized with the Yoast SEO plugin v27.4 - https:\/\/yoast.com\/product\/yoast-seo-wordpress\/ -->\n<title>ACUERDO 065 DE 2025 (17 DE DICIEMBRE) \u201cPor medio del cual se modifica el Anexo 1\u00b0 del Acuerdo 055 del 29 de octubre de 2025 mediante el cual se fijaron las fechas de Cortes Evaluativos para aplicar a los programas de pregrado de la Fundaci\u00f3n Universitaria Navarra - UNINAVARRA, en el a\u00f1o 2026\u201d - Cursos de 3 a 8 semestre de naturaleza te\u00f3rica y te\u00f3rica-pr\u00e1ctica que se desarrollan en las primeras 10 semanas de los periodos acad\u00e9micos 2026-1 y 2026-2. - Uninavarra<\/title>\n<meta name=\"robots\" content=\"index, follow, max-snippet:-1, max-image-preview:large, max-video-preview:-1\" \/>\n<link rel=\"canonical\" href=\"https:\/\/uninavarra.edu.co\/en\/noticias-normatividad\/acuerdo-065-de-2025-17-de-diciembre-por-medio-del-cual-se-modifica-el-anexo-1-del-acuerdo-055-del-29-de-octubre-de-2025-mediante-el-cual-se-fijaron-las-fechas-de-cortes-evaluativos-pa\/\" \/>\n<meta property=\"og:locale\" content=\"en_US\" \/>\n<meta property=\"og:type\" content=\"article\" \/>\n<meta property=\"og:title\" content=\"ACUERDO 065 DE 2025 (17 DE DICIEMBRE) \u201cPor medio del cual se modifica el Anexo 1\u00b0 del Acuerdo 055 del 29 de octubre de 2025 mediante el cual se fijaron las fechas de Cortes Evaluativos para aplicar a los programas de pregrado de la Fundaci\u00f3n Universitaria Navarra - UNINAVARRA, en el a\u00f1o 2026\u201d - Cursos de 3 a 8 semestre de naturaleza te\u00f3rica y te\u00f3rica-pr\u00e1ctica que se desarrollan en las primeras 10 semanas de los periodos acad\u00e9micos 2026-1 y 2026-2. - Uninavarra\" \/>\n<meta property=\"og:url\" content=\"https:\/\/uninavarra.edu.co\/en\/noticias-normatividad\/acuerdo-065-de-2025-17-de-diciembre-por-medio-del-cual-se-modifica-el-anexo-1-del-acuerdo-055-del-29-de-octubre-de-2025-mediante-el-cual-se-fijaron-las-fechas-de-cortes-evaluativos-pa\/\" \/>\n<meta property=\"og:site_name\" content=\"Uninavarra\" \/>\n<meta property=\"article:publisher\" content=\"https:\/\/www.facebook.com\/UninavarraEduca\" \/>\n<meta property=\"article:published_time\" content=\"2025-12-30T22:11:39+00:00\" \/>\n<meta property=\"og:image\" content=\"https:\/\/uninavarra.edu.co\/wp-content\/uploads\/2024\/07\/news-01-1-1.jpg\" \/>\n\t<meta property=\"og:image:width\" content=\"1651\" \/>\n\t<meta property=\"og:image:height\" content=\"1201\" \/>\n\t<meta property=\"og:image:type\" content=\"image\/jpeg\" \/>\n<meta name=\"author\" content=\"Webmaster UNINAVARRA\" \/>\n<meta name=\"twitter:card\" content=\"summary_large_image\" \/>\n<meta name=\"twitter:creator\" content=\"@uninavarraeduca\" \/>\n<meta name=\"twitter:site\" content=\"@uninavarraeduca\" \/>\n<meta name=\"twitter:label1\" content=\"Written by\" \/>\n\t<meta name=\"twitter:data1\" content=\"Webmaster UNINAVARRA\" \/>\n<script type=\"application\/ld+json\" class=\"yoast-schema-graph\">{\"@context\":\"https:\\\/\\\/schema.org\",\"@graph\":[{\"@type\":\"Article\",\"@id\":\"https:\\\/\\\/uninavarra.edu.co\\\/noticias-normatividad\\\/acuerdo-065-de-2025-17-de-diciembre-por-medio-del-cual-se-modifica-el-anexo-1-del-acuerdo-055-del-29-de-octubre-de-2025-mediante-el-cual-se-fijaron-las-fechas-de-cortes-evaluativos-pa\\\/#article\",\"isPartOf\":{\"@id\":\"https:\\\/\\\/uninavarra.edu.co\\\/noticias-normatividad\\\/acuerdo-065-de-2025-17-de-diciembre-por-medio-del-cual-se-modifica-el-anexo-1-del-acuerdo-055-del-29-de-octubre-de-2025-mediante-el-cual-se-fijaron-las-fechas-de-cortes-evaluativos-pa\\\/\"},\"author\":{\"name\":\"Webmaster UNINAVARRA\",\"@id\":\"https:\\\/\\\/uninavarra.edu.co\\\/#\\\/schema\\\/person\\\/23524a63845108ea58e4a77307b70418\"},\"headline\":\"ACUERDO 065 DE 2025 (17 DE DICIEMBRE) \u201cPor medio del cual se modifica el Anexo 1\u00b0 del Acuerdo 055 del 29 de octubre de 2025 mediante el cual se fijaron las fechas de Cortes Evaluativos para aplicar a los programas de pregrado de la Fundaci\u00f3n Universitaria Navarra &#8211; UNINAVARRA, en el a\u00f1o 2026\u201d &#8211; Cursos de 3 a 8 semestre de naturaleza te\u00f3rica y te\u00f3rica-pr\u00e1ctica que se desarrollan en las primeras 10 semanas de los periodos acad\u00e9micos 2026-1 y 2026-2.\",\"datePublished\":\"2025-12-30T22:11:39+00:00\",\"mainEntityOfPage\":{\"@id\":\"https:\\\/\\\/uninavarra.edu.co\\\/noticias-normatividad\\\/acuerdo-065-de-2025-17-de-diciembre-por-medio-del-cual-se-modifica-el-anexo-1-del-acuerdo-055-del-29-de-octubre-de-2025-mediante-el-cual-se-fijaron-las-fechas-de-cortes-evaluativos-pa\\\/\"},\"wordCount\":131,\"publisher\":{\"@id\":\"https:\\\/\\\/uninavarra.edu.co\\\/#organization\"},\"image\":{\"@id\":\"https:\\\/\\\/uninavarra.edu.co\\\/noticias-normatividad\\\/acuerdo-065-de-2025-17-de-diciembre-por-medio-del-cual-se-modifica-el-anexo-1-del-acuerdo-055-del-29-de-octubre-de-2025-mediante-el-cual-se-fijaron-las-fechas-de-cortes-evaluativos-pa\\\/#primaryimage\"},\"thumbnailUrl\":\"https:\\\/\\\/uninavarra.edu.co\\\/wp-content\\\/uploads\\\/2024\\\/07\\\/news-01-1-1.jpg\",\"articleSection\":[\"Noticias Normatividad\"],\"inLanguage\":\"en-US\"},{\"@type\":\"WebPage\",\"@id\":\"https:\\\/\\\/uninavarra.edu.co\\\/noticias-normatividad\\\/acuerdo-065-de-2025-17-de-diciembre-por-medio-del-cual-se-modifica-el-anexo-1-del-acuerdo-055-del-29-de-octubre-de-2025-mediante-el-cual-se-fijaron-las-fechas-de-cortes-evaluativos-pa\\\/\",\"url\":\"https:\\\/\\\/uninavarra.edu.co\\\/noticias-normatividad\\\/acuerdo-065-de-2025-17-de-diciembre-por-medio-del-cual-se-modifica-el-anexo-1-del-acuerdo-055-del-29-de-octubre-de-2025-mediante-el-cual-se-fijaron-las-fechas-de-cortes-evaluativos-pa\\\/\",\"name\":\"ACUERDO 065 DE 2025 (17 DE DICIEMBRE) \u201cPor medio del cual se modifica el Anexo 1\u00b0 del Acuerdo 055 del 29 de octubre de 2025 mediante el cual se fijaron las fechas de Cortes Evaluativos para aplicar a los programas de pregrado de la Fundaci\u00f3n Universitaria Navarra - UNINAVARRA, en el a\u00f1o 2026\u201d - Cursos de 3 a 8 semestre de naturaleza te\u00f3rica y te\u00f3rica-pr\u00e1ctica que se desarrollan en las primeras 10 semanas de los periodos acad\u00e9micos 2026-1 y 2026-2. - Uninavarra\",\"isPartOf\":{\"@id\":\"https:\\\/\\\/uninavarra.edu.co\\\/#website\"},\"primaryImageOfPage\":{\"@id\":\"https:\\\/\\\/uninavarra.edu.co\\\/noticias-normatividad\\\/acuerdo-065-de-2025-17-de-diciembre-por-medio-del-cual-se-modifica-el-anexo-1-del-acuerdo-055-del-29-de-octubre-de-2025-mediante-el-cual-se-fijaron-las-fechas-de-cortes-evaluativos-pa\\\/#primaryimage\"},\"image\":{\"@id\":\"https:\\\/\\\/uninavarra.edu.co\\\/noticias-normatividad\\\/acuerdo-065-de-2025-17-de-diciembre-por-medio-del-cual-se-modifica-el-anexo-1-del-acuerdo-055-del-29-de-octubre-de-2025-mediante-el-cual-se-fijaron-las-fechas-de-cortes-evaluativos-pa\\\/#primaryimage\"},\"thumbnailUrl\":\"https:\\\/\\\/uninavarra.edu.co\\\/wp-content\\\/uploads\\\/2024\\\/07\\\/news-01-1-1.jpg\",\"datePublished\":\"2025-12-30T22:11:39+00:00\",\"breadcrumb\":{\"@id\":\"https:\\\/\\\/uninavarra.edu.co\\\/noticias-normatividad\\\/acuerdo-065-de-2025-17-de-diciembre-por-medio-del-cual-se-modifica-el-anexo-1-del-acuerdo-055-del-29-de-octubre-de-2025-mediante-el-cual-se-fijaron-las-fechas-de-cortes-evaluativos-pa\\\/#breadcrumb\"},\"inLanguage\":\"en-US\",\"potentialAction\":[{\"@type\":\"ReadAction\",\"target\":[\"https:\\\/\\\/uninavarra.edu.co\\\/noticias-normatividad\\\/acuerdo-065-de-2025-17-de-diciembre-por-medio-del-cual-se-modifica-el-anexo-1-del-acuerdo-055-del-29-de-octubre-de-2025-mediante-el-cual-se-fijaron-las-fechas-de-cortes-evaluativos-pa\\\/\"]}]},{\"@type\":\"ImageObject\",\"inLanguage\":\"en-US\",\"@id\":\"https:\\\/\\\/uninavarra.edu.co\\\/noticias-normatividad\\\/acuerdo-065-de-2025-17-de-diciembre-por-medio-del-cual-se-modifica-el-anexo-1-del-acuerdo-055-del-29-de-octubre-de-2025-mediante-el-cual-se-fijaron-las-fechas-de-cortes-evaluativos-pa\\\/#primaryimage\",\"url\":\"https:\\\/\\\/uninavarra.edu.co\\\/wp-content\\\/uploads\\\/2024\\\/07\\\/news-01-1-1.jpg\",\"contentUrl\":\"https:\\\/\\\/uninavarra.edu.co\\\/wp-content\\\/uploads\\\/2024\\\/07\\\/news-01-1-1.jpg\",\"width\":1651,\"height\":1201,\"caption\":\"news 2024\"},{\"@type\":\"BreadcrumbList\",\"@id\":\"https:\\\/\\\/uninavarra.edu.co\\\/noticias-normatividad\\\/acuerdo-065-de-2025-17-de-diciembre-por-medio-del-cual-se-modifica-el-anexo-1-del-acuerdo-055-del-29-de-octubre-de-2025-mediante-el-cual-se-fijaron-las-fechas-de-cortes-evaluativos-pa\\\/#breadcrumb\",\"itemListElement\":[{\"@type\":\"ListItem\",\"position\":1,\"name\":\"Home\",\"item\":\"https:\\\/\\\/uninavarra.edu.co\\\/\"},{\"@type\":\"ListItem\",\"position\":2,\"name\":\"ACUERDO 065 DE 2025 (17 DE DICIEMBRE) \u201cPor medio del cual se modifica el Anexo 1\u00b0 del Acuerdo 055 del 29 de octubre de 2025 mediante el cual se fijaron las fechas de Cortes Evaluativos para aplicar a los programas de pregrado de la Fundaci\u00f3n Universitaria Navarra &#8211; UNINAVARRA, en el a\u00f1o 2026\u201d &#8211; Cursos de 3 a 8 semestre de naturaleza te\u00f3rica y te\u00f3rica-pr\u00e1ctica que se desarrollan en las primeras 10 semanas de los periodos acad\u00e9micos 2026-1 y 2026-2.\"}]},{\"@type\":\"WebSite\",\"@id\":\"https:\\\/\\\/uninavarra.edu.co\\\/#website\",\"url\":\"https:\\\/\\\/uninavarra.edu.co\\\/\",\"name\":\"UNINAVARRA\",\"description\":\"Haz realidad tu deseo de aprender\",\"publisher\":{\"@id\":\"https:\\\/\\\/uninavarra.edu.co\\\/#organization\"},\"potentialAction\":[{\"@type\":\"SearchAction\",\"target\":{\"@type\":\"EntryPoint\",\"urlTemplate\":\"https:\\\/\\\/uninavarra.edu.co\\\/?s={search_term_string}\"},\"query-input\":{\"@type\":\"PropertyValueSpecification\",\"valueRequired\":true,\"valueName\":\"search_term_string\"}}],\"inLanguage\":\"en-US\"},{\"@type\":\"Organization\",\"@id\":\"https:\\\/\\\/uninavarra.edu.co\\\/#organization\",\"name\":\"Fundaci\u00f3n Universitaria Navarra - UNINAVARRA\",\"url\":\"https:\\\/\\\/uninavarra.edu.co\\\/\",\"logo\":{\"@type\":\"ImageObject\",\"inLanguage\":\"en-US\",\"@id\":\"https:\\\/\\\/uninavarra.edu.co\\\/#\\\/schema\\\/logo\\\/image\\\/\",\"url\":\"https:\\\/\\\/uninavarra.edu.co\\\/wp-content\\\/uploads\\\/2024\\\/06\\\/Escudo-uninavarra-Solo.png\",\"contentUrl\":\"https:\\\/\\\/uninavarra.edu.co\\\/wp-content\\\/uploads\\\/2024\\\/06\\\/Escudo-uninavarra-Solo.png\",\"width\":1500,\"height\":1401,\"caption\":\"Fundaci\u00f3n Universitaria Navarra - UNINAVARRA\"},\"image\":{\"@id\":\"https:\\\/\\\/uninavarra.edu.co\\\/#\\\/schema\\\/logo\\\/image\\\/\"},\"sameAs\":[\"https:\\\/\\\/www.facebook.com\\\/UninavarraEduca\",\"https:\\\/\\\/x.com\\\/uninavarraeduca\",\"https:\\\/\\\/www.instagram.com\\\/uninavarra\\\/?hl=es\",\"https:\\\/\\\/www.linkedin.com\\\/in\\\/fundacin-universitaria-navarra-uninavarra-b41225222\\\/\"]},{\"@type\":\"Person\",\"@id\":\"https:\\\/\\\/uninavarra.edu.co\\\/#\\\/schema\\\/person\\\/23524a63845108ea58e4a77307b70418\",\"name\":\"Webmaster UNINAVARRA\",\"url\":\"https:\\\/\\\/uninavarra.edu.co\\\/en\\\/author\\\/uninavarra1\\\/\"}]}<\/script>\n<!-- \/ Yoast SEO plugin. -->","yoast_head_json":{"title":"ACUERDO 065 DE 2025 (17 DE DICIEMBRE) \u201cPor medio del cual se modifica el Anexo 1\u00b0 del Acuerdo 055 del 29 de octubre de 2025 mediante el cual se fijaron las fechas de Cortes Evaluativos para aplicar a los programas de pregrado de la Fundaci\u00f3n Universitaria Navarra - UNINAVARRA, en el a\u00f1o 2026\u201d - Cursos de 3 a 8 semestre de naturaleza te\u00f3rica y te\u00f3rica-pr\u00e1ctica que se desarrollan en las primeras 10 semanas de los periodos acad\u00e9micos 2026-1 y 2026-2. - Uninavarra","robots":{"index":"index","follow":"follow","max-snippet":"max-snippet:-1","max-image-preview":"max-image-preview:large","max-video-preview":"max-video-preview:-1"},"canonical":"https:\/\/uninavarra.edu.co\/en\/noticias-normatividad\/acuerdo-065-de-2025-17-de-diciembre-por-medio-del-cual-se-modifica-el-anexo-1-del-acuerdo-055-del-29-de-octubre-de-2025-mediante-el-cual-se-fijaron-las-fechas-de-cortes-evaluativos-pa\/","og_locale":"en_US","og_type":"article","og_title":"ACUERDO 065 DE 2025 (17 DE DICIEMBRE) \u201cPor medio del cual se modifica el Anexo 1\u00b0 del Acuerdo 055 del 29 de octubre de 2025 mediante el cual se fijaron las fechas de Cortes Evaluativos para aplicar a los programas de pregrado de la Fundaci\u00f3n Universitaria Navarra - UNINAVARRA, en el a\u00f1o 2026\u201d - Cursos de 3 a 8 semestre de naturaleza te\u00f3rica y te\u00f3rica-pr\u00e1ctica que se desarrollan en las primeras 10 semanas de los periodos acad\u00e9micos 2026-1 y 2026-2. - Uninavarra","og_url":"https:\/\/uninavarra.edu.co\/en\/noticias-normatividad\/acuerdo-065-de-2025-17-de-diciembre-por-medio-del-cual-se-modifica-el-anexo-1-del-acuerdo-055-del-29-de-octubre-de-2025-mediante-el-cual-se-fijaron-las-fechas-de-cortes-evaluativos-pa\/","og_site_name":"Uninavarra","article_publisher":"https:\/\/www.facebook.com\/UninavarraEduca","article_published_time":"2025-12-30T22:11:39+00:00","og_image":[{"width":1651,"height":1201,"url":"https:\/\/uninavarra.edu.co\/wp-content\/uploads\/2024\/07\/news-01-1-1.jpg","type":"image\/jpeg"}],"author":"Webmaster UNINAVARRA","twitter_card":"summary_large_image","twitter_creator":"@uninavarraeduca","twitter_site":"@uninavarraeduca","twitter_misc":{"Written by":"Webmaster UNINAVARRA"},"schema":{"@context":"https:\/\/schema.org","@graph":[{"@type":"Article","@id":"https:\/\/uninavarra.edu.co\/noticias-normatividad\/acuerdo-065-de-2025-17-de-diciembre-por-medio-del-cual-se-modifica-el-anexo-1-del-acuerdo-055-del-29-de-octubre-de-2025-mediante-el-cual-se-fijaron-las-fechas-de-cortes-evaluativos-pa\/#article","isPartOf":{"@id":"https:\/\/uninavarra.edu.co\/noticias-normatividad\/acuerdo-065-de-2025-17-de-diciembre-por-medio-del-cual-se-modifica-el-anexo-1-del-acuerdo-055-del-29-de-octubre-de-2025-mediante-el-cual-se-fijaron-las-fechas-de-cortes-evaluativos-pa\/"},"author":{"name":"Webmaster UNINAVARRA","@id":"https:\/\/uninavarra.edu.co\/#\/schema\/person\/23524a63845108ea58e4a77307b70418"},"headline":"ACUERDO 065 DE 2025 (17 DE DICIEMBRE) \u201cPor medio del cual se modifica el Anexo 1\u00b0 del Acuerdo 055 del 29 de octubre de 2025 mediante el cual se fijaron las fechas de Cortes Evaluativos para aplicar a los programas de pregrado de la Fundaci\u00f3n Universitaria Navarra &#8211; UNINAVARRA, en el a\u00f1o 2026\u201d &#8211; Cursos de 3 a 8 semestre de naturaleza te\u00f3rica y te\u00f3rica-pr\u00e1ctica que se desarrollan en las primeras 10 semanas de los periodos acad\u00e9micos 2026-1 y 2026-2.","datePublished":"2025-12-30T22:11:39+00:00","mainEntityOfPage":{"@id":"https:\/\/uninavarra.edu.co\/noticias-normatividad\/acuerdo-065-de-2025-17-de-diciembre-por-medio-del-cual-se-modifica-el-anexo-1-del-acuerdo-055-del-29-de-octubre-de-2025-mediante-el-cual-se-fijaron-las-fechas-de-cortes-evaluativos-pa\/"},"wordCount":131,"publisher":{"@id":"https:\/\/uninavarra.edu.co\/#organization"},"image":{"@id":"https:\/\/uninavarra.edu.co\/noticias-normatividad\/acuerdo-065-de-2025-17-de-diciembre-por-medio-del-cual-se-modifica-el-anexo-1-del-acuerdo-055-del-29-de-octubre-de-2025-mediante-el-cual-se-fijaron-las-fechas-de-cortes-evaluativos-pa\/#primaryimage"},"thumbnailUrl":"https:\/\/uninavarra.edu.co\/wp-content\/uploads\/2024\/07\/news-01-1-1.jpg","articleSection":["Noticias Normatividad"],"inLanguage":"en-US"},{"@type":"WebPage","@id":"https:\/\/uninavarra.edu.co\/noticias-normatividad\/acuerdo-065-de-2025-17-de-diciembre-por-medio-del-cual-se-modifica-el-anexo-1-del-acuerdo-055-del-29-de-octubre-de-2025-mediante-el-cual-se-fijaron-las-fechas-de-cortes-evaluativos-pa\/","url":"https:\/\/uninavarra.edu.co\/noticias-normatividad\/acuerdo-065-de-2025-17-de-diciembre-por-medio-del-cual-se-modifica-el-anexo-1-del-acuerdo-055-del-29-de-octubre-de-2025-mediante-el-cual-se-fijaron-las-fechas-de-cortes-evaluativos-pa\/","name":"ACUERDO 065 DE 2025 (17 DE DICIEMBRE) \u201cPor medio del cual se modifica el Anexo 1\u00b0 del Acuerdo 055 del 29 de octubre de 2025 mediante el cual se fijaron las fechas de Cortes Evaluativos para aplicar a los programas de pregrado de la Fundaci\u00f3n Universitaria Navarra - UNINAVARRA, en el a\u00f1o 2026\u201d - Cursos de 3 a 8 semestre de naturaleza te\u00f3rica y te\u00f3rica-pr\u00e1ctica que se desarrollan en las primeras 10 semanas de los periodos acad\u00e9micos 2026-1 y 2026-2. - Uninavarra","isPartOf":{"@id":"https:\/\/uninavarra.edu.co\/#website"},"primaryImageOfPage":{"@id":"https:\/\/uninavarra.edu.co\/noticias-normatividad\/acuerdo-065-de-2025-17-de-diciembre-por-medio-del-cual-se-modifica-el-anexo-1-del-acuerdo-055-del-29-de-octubre-de-2025-mediante-el-cual-se-fijaron-las-fechas-de-cortes-evaluativos-pa\/#primaryimage"},"image":{"@id":"https:\/\/uninavarra.edu.co\/noticias-normatividad\/acuerdo-065-de-2025-17-de-diciembre-por-medio-del-cual-se-modifica-el-anexo-1-del-acuerdo-055-del-29-de-octubre-de-2025-mediante-el-cual-se-fijaron-las-fechas-de-cortes-evaluativos-pa\/#primaryimage"},"thumbnailUrl":"https:\/\/uninavarra.edu.co\/wp-content\/uploads\/2024\/07\/news-01-1-1.jpg","datePublished":"2025-12-30T22:11:39+00:00","breadcrumb":{"@id":"https:\/\/uninavarra.edu.co\/noticias-normatividad\/acuerdo-065-de-2025-17-de-diciembre-por-medio-del-cual-se-modifica-el-anexo-1-del-acuerdo-055-del-29-de-octubre-de-2025-mediante-el-cual-se-fijaron-las-fechas-de-cortes-evaluativos-pa\/#breadcrumb"},"inLanguage":"en-US","potentialAction":[{"@type":"ReadAction","target":["https:\/\/uninavarra.edu.co\/noticias-normatividad\/acuerdo-065-de-2025-17-de-diciembre-por-medio-del-cual-se-modifica-el-anexo-1-del-acuerdo-055-del-29-de-octubre-de-2025-mediante-el-cual-se-fijaron-las-fechas-de-cortes-evaluativos-pa\/"]}]},{"@type":"ImageObject","inLanguage":"en-US","@id":"https:\/\/uninavarra.edu.co\/noticias-normatividad\/acuerdo-065-de-2025-17-de-diciembre-por-medio-del-cual-se-modifica-el-anexo-1-del-acuerdo-055-del-29-de-octubre-de-2025-mediante-el-cual-se-fijaron-las-fechas-de-cortes-evaluativos-pa\/#primaryimage","url":"https:\/\/uninavarra.edu.co\/wp-content\/uploads\/2024\/07\/news-01-1-1.jpg","contentUrl":"https:\/\/uninavarra.edu.co\/wp-content\/uploads\/2024\/07\/news-01-1-1.jpg","width":1651,"height":1201,"caption":"news 2024"},{"@type":"BreadcrumbList","@id":"https:\/\/uninavarra.edu.co\/noticias-normatividad\/acuerdo-065-de-2025-17-de-diciembre-por-medio-del-cual-se-modifica-el-anexo-1-del-acuerdo-055-del-29-de-octubre-de-2025-mediante-el-cual-se-fijaron-las-fechas-de-cortes-evaluativos-pa\/#breadcrumb","itemListElement":[{"@type":"ListItem","position":1,"name":"Home","item":"https:\/\/uninavarra.edu.co\/"},{"@type":"ListItem","position":2,"name":"ACUERDO 065 DE 2025 (17 DE DICIEMBRE) \u201cPor medio del cual se modifica el Anexo 1\u00b0 del Acuerdo 055 del 29 de octubre de 2025 mediante el cual se fijaron las fechas de Cortes Evaluativos para aplicar a los programas de pregrado de la Fundaci\u00f3n Universitaria Navarra &#8211; UNINAVARRA, en el a\u00f1o 2026\u201d &#8211; Cursos de 3 a 8 semestre de naturaleza te\u00f3rica y te\u00f3rica-pr\u00e1ctica que se desarrollan en las primeras 10 semanas de los periodos acad\u00e9micos 2026-1 y 2026-2."}]},{"@type":"WebSite","@id":"https:\/\/uninavarra.edu.co\/#website","url":"https:\/\/uninavarra.edu.co\/","name":"UNINAVARRA","description":"Make your desire to learn a reality","publisher":{"@id":"https:\/\/uninavarra.edu.co\/#organization"},"potentialAction":[{"@type":"SearchAction","target":{"@type":"EntryPoint","urlTemplate":"https:\/\/uninavarra.edu.co\/?s={search_term_string}"},"query-input":{"@type":"PropertyValueSpecification","valueRequired":true,"valueName":"search_term_string"}}],"inLanguage":"en-US"},{"@type":"Organization","@id":"https:\/\/uninavarra.edu.co\/#organization","name":"Navarre University Foundation - UNINAVARRA","url":"https:\/\/uninavarra.edu.co\/","logo":{"@type":"ImageObject","inLanguage":"en-US","@id":"https:\/\/uninavarra.edu.co\/#\/schema\/logo\/image\/","url":"https:\/\/uninavarra.edu.co\/wp-content\/uploads\/2024\/06\/Escudo-uninavarra-Solo.png","contentUrl":"https:\/\/uninavarra.edu.co\/wp-content\/uploads\/2024\/06\/Escudo-uninavarra-Solo.png","width":1500,"height":1401,"caption":"Fundaci\u00f3n Universitaria Navarra - UNINAVARRA"},"image":{"@id":"https:\/\/uninavarra.edu.co\/#\/schema\/logo\/image\/"},"sameAs":["https:\/\/www.facebook.com\/UninavarraEduca","https:\/\/x.com\/uninavarraeduca","https:\/\/www.instagram.com\/uninavarra\/?hl=es","https:\/\/www.linkedin.com\/in\/fundacin-universitaria-navarra-uninavarra-b41225222\/"]},{"@type":"Person","@id":"https:\/\/uninavarra.edu.co\/#\/schema\/person\/23524a63845108ea58e4a77307b70418","name":"Webmaster UNINAVARRA","url":"https:\/\/uninavarra.edu.co\/en\/author\/uninavarra1\/"}]}},"_links":{"self":[{"href":"https:\/\/uninavarra.edu.co\/en\/wp-json\/wp\/v2\/posts\/96189","targetHints":{"allow":["GET"]}}],"collection":[{"href":"https:\/\/uninavarra.edu.co\/en\/wp-json\/wp\/v2\/posts"}],"about":[{"href":"https:\/\/uninavarra.edu.co\/en\/wp-json\/wp\/v2\/types\/post"}],"author":[{"embeddable":true,"href":"https:\/\/uninavarra.edu.co\/en\/wp-json\/wp\/v2\/users\/13"}],"replies":[{"embeddable":true,"href":"https:\/\/uninavarra.edu.co\/en\/wp-json\/wp\/v2\/comments?post=96189"}],"version-history":[{"count":0,"href":"https:\/\/uninavarra.edu.co\/en\/wp-json\/wp\/v2\/posts\/96189\/revisions"}],"wp:featuredmedia":[{"embeddable":true,"href":"https:\/\/uninavarra.edu.co\/en\/wp-json\/wp\/v2\/media\/77161"}],"wp:attachment":[{"href":"https:\/\/uninavarra.edu.co\/en\/wp-json\/wp\/v2\/media?parent=96189"}],"wp:term":[{"taxonomy":"category","embeddable":true,"href":"https:\/\/uninavarra.edu.co\/en\/wp-json\/wp\/v2\/categories?post=96189"},{"taxonomy":"post_tag","embeddable":true,"href":"https:\/\/uninavarra.edu.co\/en\/wp-json\/wp\/v2\/tags?post=96189"}],"curies":[{"name":"wp","href":"https:\/\/api.w.org\/{rel}","templated":true}]}}