{"id":86445,"date":"2025-01-24T16:32:26","date_gmt":"2025-01-24T21:32:26","guid":{"rendered":"https:\/\/uninavarra.edu.co\/?p=86445"},"modified":"2025-01-24T16:32:26","modified_gmt":"2025-01-24T21:32:26","slug":"acuerdo-001-de-2024-23-de-enero-por-el-cual-se-apertura-la-tercera-convocatoria-para-el-proceso-de-admision-para-la-iv-cohorte-de-la-especializacion-en-medicina-familiar-de-la-fundacion-uni","status":"publish","type":"post","link":"https:\/\/uninavarra.edu.co\/en\/noticias-normatividad\/acuerdo-001-de-2024-23-de-enero-por-el-cual-se-apertura-la-tercera-convocatoria-para-el-proceso-de-admision-para-la-iv-cohorte-de-la-especializacion-en-medicina-familiar-de-la-fundacion-uni\/","title":{"rendered":"AGREEMENT 001 OF 2024 (JANUARY 23) \"By which the Third Call for the admission process for the IV Cohort of the Specialization in Family Medicine of the Navarra University Foundation - UNINAVARRA is opened\"."},"content":{"rendered":"<div class=\"wpb-content-wrapper\"><div class=\"wpb-container\"><div class=\"container\"><div class=\"vc_row wpb_row vc_row-fluid row\"><div class=\"col-sm-12  vc_\">\n\t\t<div class=\"wpb_wrapper\">\n\t\t\t\n\t<div class=\"wpb_text_column wpb_content_element\" >\n\t\t<div class=\"wpb_wrapper\">\n\t\t\t<div class=\"_df_book df-lite\" id=\"df_86446\"  _slug=\"acuerdo-001-de-2024-23-de-enero-por-el-cual-se-apertura-la-tercera-convocatoria-para-el-proceso-de-admision-para-la-iv-cohorte-de-la-especializacion-en-medicina-familiar-de-la-fundacion-uni\" data-title=\"acuerdo-001-de-2024-23-de-enero-por-el-cual-se-apertura-la-tercera-convocatoria-para-el-proceso-de-admision-para-la-iv-cohorte-de-la-especializacion-en-medicina-familiar-de-la-fundacion-uni\" wpoptions=\"true\" thumb=\"https:\/\/uninavarra.edu.co\/wp-content\/uploads\/2024\/07\/news-01-1-1.jpg\" thumbtype=\"\" ><\/div><script class=\"df-shortcode-script\" nowprocket type=\"application\/javascript\">window.option_df_86446 = {\"outline\":[],\"autoEnableOutline\":\"false\",\"autoEnableThumbnail\":\"false\",\"overwritePDFOutline\":\"false\",\"direction\":\"1\",\"pageSize\":\"0\",\"source\":\"https:\\\/\\\/uninavarra.edu.co\\\/wp-content\\\/uploads\\\/2025\\\/01\\\/Acuerdo-001-3ra-Convocatoria-Esp-Medicina-Familiar-IV-Cohorte-2.pdf\",\"wpOptions\":\"true\"}; if(window.DFLIP && window.DFLIP.parseBooks){window.DFLIP.parseBooks();}<\/script>\n\n\t\t<\/div>\n\t<\/div>\n\n\t\t<\/div> \n\t<\/div><\/div><\/div><\/div>\n<\/div>","protected":false},"excerpt":{"rendered":"","protected":false},"author":13,"featured_media":77161,"comment_status":"closed","ping_status":"closed","sticky":false,"template":"","format":"standard","meta":{"footnotes":""},"categories":[141],"tags":[],"class_list":["post-86445","post","type-post","status-publish","format-standard","has-post-thumbnail","hentry","category-noticias-normatividad"],"yoast_head":"<!-- This site is optimized with the Yoast SEO plugin v27.4 - https:\/\/yoast.com\/product\/yoast-seo-wordpress\/ -->\n<title>ACUERDO 001 DE 2024 (23 DE ENERO) \u201cPor el cual se apertura la Tercera Convocatoria para el proceso de admisi\u00f3n para la IV Cohorte de la Especializaci\u00f3n en Medicina Familiar de la Fundaci\u00f3n Universitaria Navarra \u2013 UNINAVARRA\u201d - Uninavarra<\/title>\n<meta name=\"robots\" content=\"index, follow, max-snippet:-1, max-image-preview:large, max-video-preview:-1\" \/>\n<link rel=\"canonical\" href=\"https:\/\/uninavarra.edu.co\/en\/noticias-normatividad\/acuerdo-001-de-2024-23-de-enero-por-el-cual-se-apertura-la-tercera-convocatoria-para-el-proceso-de-admision-para-la-iv-cohorte-de-la-especializacion-en-medicina-familiar-de-la-fundacion-uni\/\" \/>\n<meta property=\"og:locale\" content=\"en_US\" \/>\n<meta property=\"og:type\" content=\"article\" \/>\n<meta property=\"og:title\" content=\"ACUERDO 001 DE 2024 (23 DE ENERO) \u201cPor el cual se apertura la Tercera Convocatoria para el proceso de admisi\u00f3n para la IV Cohorte de la Especializaci\u00f3n en Medicina Familiar de la Fundaci\u00f3n Universitaria Navarra \u2013 UNINAVARRA\u201d - Uninavarra\" \/>\n<meta property=\"og:url\" content=\"https:\/\/uninavarra.edu.co\/en\/noticias-normatividad\/acuerdo-001-de-2024-23-de-enero-por-el-cual-se-apertura-la-tercera-convocatoria-para-el-proceso-de-admision-para-la-iv-cohorte-de-la-especializacion-en-medicina-familiar-de-la-fundacion-uni\/\" \/>\n<meta property=\"og:site_name\" content=\"Uninavarra\" \/>\n<meta property=\"article:publisher\" content=\"https:\/\/www.facebook.com\/UninavarraEduca\" \/>\n<meta property=\"article:published_time\" content=\"2025-01-24T21:32:26+00:00\" \/>\n<meta property=\"og:image\" content=\"https:\/\/uninavarra.edu.co\/wp-content\/uploads\/2024\/07\/news-01-1-1.jpg\" \/>\n\t<meta property=\"og:image:width\" content=\"1651\" \/>\n\t<meta property=\"og:image:height\" content=\"1201\" \/>\n\t<meta property=\"og:image:type\" content=\"image\/jpeg\" \/>\n<meta name=\"author\" content=\"Webmaster UNINAVARRA\" \/>\n<meta name=\"twitter:card\" content=\"summary_large_image\" \/>\n<meta name=\"twitter:creator\" content=\"@uninavarraeduca\" \/>\n<meta name=\"twitter:site\" content=\"@uninavarraeduca\" \/>\n<meta name=\"twitter:label1\" content=\"Written by\" \/>\n\t<meta name=\"twitter:data1\" content=\"Webmaster UNINAVARRA\" \/>\n<script type=\"application\/ld+json\" class=\"yoast-schema-graph\">{\"@context\":\"https:\\\/\\\/schema.org\",\"@graph\":[{\"@type\":\"Article\",\"@id\":\"https:\\\/\\\/uninavarra.edu.co\\\/en\\\/noticias-normatividad\\\/acuerdo-001-de-2024-23-de-enero-por-el-cual-se-apertura-la-tercera-convocatoria-para-el-proceso-de-admision-para-la-iv-cohorte-de-la-especializacion-en-medicina-familiar-de-la-fundacion-uni\\\/#article\",\"isPartOf\":{\"@id\":\"https:\\\/\\\/uninavarra.edu.co\\\/en\\\/noticias-normatividad\\\/acuerdo-001-de-2024-23-de-enero-por-el-cual-se-apertura-la-tercera-convocatoria-para-el-proceso-de-admision-para-la-iv-cohorte-de-la-especializacion-en-medicina-familiar-de-la-fundacion-uni\\\/\"},\"author\":{\"name\":\"Webmaster UNINAVARRA\",\"@id\":\"https:\\\/\\\/uninavarra.edu.co\\\/#\\\/schema\\\/person\\\/23524a63845108ea58e4a77307b70418\"},\"headline\":\"ACUERDO 001 DE 2024 (23 DE ENERO) \u201cPor el cual se apertura la Tercera Convocatoria para el proceso de admisi\u00f3n para la IV Cohorte de la Especializaci\u00f3n en Medicina Familiar de la Fundaci\u00f3n Universitaria Navarra \u2013 UNINAVARRA\u201d\",\"datePublished\":\"2025-01-24T21:32:26+00:00\",\"mainEntityOfPage\":{\"@id\":\"https:\\\/\\\/uninavarra.edu.co\\\/en\\\/noticias-normatividad\\\/acuerdo-001-de-2024-23-de-enero-por-el-cual-se-apertura-la-tercera-convocatoria-para-el-proceso-de-admision-para-la-iv-cohorte-de-la-especializacion-en-medicina-familiar-de-la-fundacion-uni\\\/\"},\"wordCount\":54,\"publisher\":{\"@id\":\"https:\\\/\\\/uninavarra.edu.co\\\/#organization\"},\"image\":{\"@id\":\"https:\\\/\\\/uninavarra.edu.co\\\/en\\\/noticias-normatividad\\\/acuerdo-001-de-2024-23-de-enero-por-el-cual-se-apertura-la-tercera-convocatoria-para-el-proceso-de-admision-para-la-iv-cohorte-de-la-especializacion-en-medicina-familiar-de-la-fundacion-uni\\\/#primaryimage\"},\"thumbnailUrl\":\"https:\\\/\\\/uninavarra.edu.co\\\/wp-content\\\/uploads\\\/2024\\\/07\\\/news-01-1-1.jpg\",\"articleSection\":[\"Noticias Normatividad\"],\"inLanguage\":\"en-US\"},{\"@type\":\"WebPage\",\"@id\":\"https:\\\/\\\/uninavarra.edu.co\\\/en\\\/noticias-normatividad\\\/acuerdo-001-de-2024-23-de-enero-por-el-cual-se-apertura-la-tercera-convocatoria-para-el-proceso-de-admision-para-la-iv-cohorte-de-la-especializacion-en-medicina-familiar-de-la-fundacion-uni\\\/\",\"url\":\"https:\\\/\\\/uninavarra.edu.co\\\/en\\\/noticias-normatividad\\\/acuerdo-001-de-2024-23-de-enero-por-el-cual-se-apertura-la-tercera-convocatoria-para-el-proceso-de-admision-para-la-iv-cohorte-de-la-especializacion-en-medicina-familiar-de-la-fundacion-uni\\\/\",\"name\":\"ACUERDO 001 DE 2024 (23 DE ENERO) \u201cPor el cual se apertura la Tercera Convocatoria para el proceso de admisi\u00f3n para la IV Cohorte de la Especializaci\u00f3n en Medicina Familiar de la Fundaci\u00f3n Universitaria Navarra \u2013 UNINAVARRA\u201d - Uninavarra\",\"isPartOf\":{\"@id\":\"https:\\\/\\\/uninavarra.edu.co\\\/#website\"},\"primaryImageOfPage\":{\"@id\":\"https:\\\/\\\/uninavarra.edu.co\\\/en\\\/noticias-normatividad\\\/acuerdo-001-de-2024-23-de-enero-por-el-cual-se-apertura-la-tercera-convocatoria-para-el-proceso-de-admision-para-la-iv-cohorte-de-la-especializacion-en-medicina-familiar-de-la-fundacion-uni\\\/#primaryimage\"},\"image\":{\"@id\":\"https:\\\/\\\/uninavarra.edu.co\\\/en\\\/noticias-normatividad\\\/acuerdo-001-de-2024-23-de-enero-por-el-cual-se-apertura-la-tercera-convocatoria-para-el-proceso-de-admision-para-la-iv-cohorte-de-la-especializacion-en-medicina-familiar-de-la-fundacion-uni\\\/#primaryimage\"},\"thumbnailUrl\":\"https:\\\/\\\/uninavarra.edu.co\\\/wp-content\\\/uploads\\\/2024\\\/07\\\/news-01-1-1.jpg\",\"datePublished\":\"2025-01-24T21:32:26+00:00\",\"breadcrumb\":{\"@id\":\"https:\\\/\\\/uninavarra.edu.co\\\/en\\\/noticias-normatividad\\\/acuerdo-001-de-2024-23-de-enero-por-el-cual-se-apertura-la-tercera-convocatoria-para-el-proceso-de-admision-para-la-iv-cohorte-de-la-especializacion-en-medicina-familiar-de-la-fundacion-uni\\\/#breadcrumb\"},\"inLanguage\":\"en-US\",\"potentialAction\":[{\"@type\":\"ReadAction\",\"target\":[\"https:\\\/\\\/uninavarra.edu.co\\\/en\\\/noticias-normatividad\\\/acuerdo-001-de-2024-23-de-enero-por-el-cual-se-apertura-la-tercera-convocatoria-para-el-proceso-de-admision-para-la-iv-cohorte-de-la-especializacion-en-medicina-familiar-de-la-fundacion-uni\\\/\"]}]},{\"@type\":\"ImageObject\",\"inLanguage\":\"en-US\",\"@id\":\"https:\\\/\\\/uninavarra.edu.co\\\/en\\\/noticias-normatividad\\\/acuerdo-001-de-2024-23-de-enero-por-el-cual-se-apertura-la-tercera-convocatoria-para-el-proceso-de-admision-para-la-iv-cohorte-de-la-especializacion-en-medicina-familiar-de-la-fundacion-uni\\\/#primaryimage\",\"url\":\"https:\\\/\\\/uninavarra.edu.co\\\/wp-content\\\/uploads\\\/2024\\\/07\\\/news-01-1-1.jpg\",\"contentUrl\":\"https:\\\/\\\/uninavarra.edu.co\\\/wp-content\\\/uploads\\\/2024\\\/07\\\/news-01-1-1.jpg\",\"width\":1651,\"height\":1201,\"caption\":\"news 2024\"},{\"@type\":\"BreadcrumbList\",\"@id\":\"https:\\\/\\\/uninavarra.edu.co\\\/en\\\/noticias-normatividad\\\/acuerdo-001-de-2024-23-de-enero-por-el-cual-se-apertura-la-tercera-convocatoria-para-el-proceso-de-admision-para-la-iv-cohorte-de-la-especializacion-en-medicina-familiar-de-la-fundacion-uni\\\/#breadcrumb\",\"itemListElement\":[{\"@type\":\"ListItem\",\"position\":1,\"name\":\"Home\",\"item\":\"https:\\\/\\\/uninavarra.edu.co\\\/\"},{\"@type\":\"ListItem\",\"position\":2,\"name\":\"ACUERDO 001 DE 2024 (23 DE ENERO) \u201cPor el cual se apertura la Tercera Convocatoria para el proceso de admisi\u00f3n para la IV Cohorte de la Especializaci\u00f3n en Medicina Familiar de la Fundaci\u00f3n Universitaria Navarra \u2013 UNINAVARRA\u201d\"}]},{\"@type\":\"WebSite\",\"@id\":\"https:\\\/\\\/uninavarra.edu.co\\\/#website\",\"url\":\"https:\\\/\\\/uninavarra.edu.co\\\/\",\"name\":\"UNINAVARRA\",\"description\":\"Haz realidad tu deseo de aprender\",\"publisher\":{\"@id\":\"https:\\\/\\\/uninavarra.edu.co\\\/#organization\"},\"potentialAction\":[{\"@type\":\"SearchAction\",\"target\":{\"@type\":\"EntryPoint\",\"urlTemplate\":\"https:\\\/\\\/uninavarra.edu.co\\\/?s={search_term_string}\"},\"query-input\":{\"@type\":\"PropertyValueSpecification\",\"valueRequired\":true,\"valueName\":\"search_term_string\"}}],\"inLanguage\":\"en-US\"},{\"@type\":\"Organization\",\"@id\":\"https:\\\/\\\/uninavarra.edu.co\\\/#organization\",\"name\":\"Fundaci\u00f3n Universitaria Navarra - UNINAVARRA\",\"url\":\"https:\\\/\\\/uninavarra.edu.co\\\/\",\"logo\":{\"@type\":\"ImageObject\",\"inLanguage\":\"en-US\",\"@id\":\"https:\\\/\\\/uninavarra.edu.co\\\/#\\\/schema\\\/logo\\\/image\\\/\",\"url\":\"https:\\\/\\\/uninavarra.edu.co\\\/wp-content\\\/uploads\\\/2024\\\/06\\\/Escudo-uninavarra-Solo.png\",\"contentUrl\":\"https:\\\/\\\/uninavarra.edu.co\\\/wp-content\\\/uploads\\\/2024\\\/06\\\/Escudo-uninavarra-Solo.png\",\"width\":1500,\"height\":1401,\"caption\":\"Fundaci\u00f3n Universitaria Navarra - UNINAVARRA\"},\"image\":{\"@id\":\"https:\\\/\\\/uninavarra.edu.co\\\/#\\\/schema\\\/logo\\\/image\\\/\"},\"sameAs\":[\"https:\\\/\\\/www.facebook.com\\\/UninavarraEduca\",\"https:\\\/\\\/x.com\\\/uninavarraeduca\",\"https:\\\/\\\/www.instagram.com\\\/uninavarra\\\/?hl=es\",\"https:\\\/\\\/www.linkedin.com\\\/in\\\/fundacin-universitaria-navarra-uninavarra-b41225222\\\/\"]},{\"@type\":\"Person\",\"@id\":\"https:\\\/\\\/uninavarra.edu.co\\\/#\\\/schema\\\/person\\\/23524a63845108ea58e4a77307b70418\",\"name\":\"Webmaster UNINAVARRA\",\"url\":\"https:\\\/\\\/uninavarra.edu.co\\\/en\\\/author\\\/uninavarra1\\\/\"}]}<\/script>\n<!-- \/ Yoast SEO plugin. -->","yoast_head_json":{"title":"ACUERDO 001 DE 2024 (23 DE ENERO) \u201cPor el cual se apertura la Tercera Convocatoria para el proceso de admisi\u00f3n para la IV Cohorte de la Especializaci\u00f3n en Medicina Familiar de la Fundaci\u00f3n Universitaria Navarra \u2013 UNINAVARRA\u201d - Uninavarra","robots":{"index":"index","follow":"follow","max-snippet":"max-snippet:-1","max-image-preview":"max-image-preview:large","max-video-preview":"max-video-preview:-1"},"canonical":"https:\/\/uninavarra.edu.co\/en\/noticias-normatividad\/acuerdo-001-de-2024-23-de-enero-por-el-cual-se-apertura-la-tercera-convocatoria-para-el-proceso-de-admision-para-la-iv-cohorte-de-la-especializacion-en-medicina-familiar-de-la-fundacion-uni\/","og_locale":"en_US","og_type":"article","og_title":"ACUERDO 001 DE 2024 (23 DE ENERO) \u201cPor el cual se apertura la Tercera Convocatoria para el proceso de admisi\u00f3n para la IV Cohorte de la Especializaci\u00f3n en Medicina Familiar de la Fundaci\u00f3n Universitaria Navarra \u2013 UNINAVARRA\u201d - Uninavarra","og_url":"https:\/\/uninavarra.edu.co\/en\/noticias-normatividad\/acuerdo-001-de-2024-23-de-enero-por-el-cual-se-apertura-la-tercera-convocatoria-para-el-proceso-de-admision-para-la-iv-cohorte-de-la-especializacion-en-medicina-familiar-de-la-fundacion-uni\/","og_site_name":"Uninavarra","article_publisher":"https:\/\/www.facebook.com\/UninavarraEduca","article_published_time":"2025-01-24T21:32:26+00:00","og_image":[{"width":1651,"height":1201,"url":"https:\/\/uninavarra.edu.co\/wp-content\/uploads\/2024\/07\/news-01-1-1.jpg","type":"image\/jpeg"}],"author":"Webmaster UNINAVARRA","twitter_card":"summary_large_image","twitter_creator":"@uninavarraeduca","twitter_site":"@uninavarraeduca","twitter_misc":{"Written by":"Webmaster UNINAVARRA"},"schema":{"@context":"https:\/\/schema.org","@graph":[{"@type":"Article","@id":"https:\/\/uninavarra.edu.co\/en\/noticias-normatividad\/acuerdo-001-de-2024-23-de-enero-por-el-cual-se-apertura-la-tercera-convocatoria-para-el-proceso-de-admision-para-la-iv-cohorte-de-la-especializacion-en-medicina-familiar-de-la-fundacion-uni\/#article","isPartOf":{"@id":"https:\/\/uninavarra.edu.co\/en\/noticias-normatividad\/acuerdo-001-de-2024-23-de-enero-por-el-cual-se-apertura-la-tercera-convocatoria-para-el-proceso-de-admision-para-la-iv-cohorte-de-la-especializacion-en-medicina-familiar-de-la-fundacion-uni\/"},"author":{"name":"Webmaster UNINAVARRA","@id":"https:\/\/uninavarra.edu.co\/#\/schema\/person\/23524a63845108ea58e4a77307b70418"},"headline":"ACUERDO 001 DE 2024 (23 DE ENERO) \u201cPor el cual se apertura la Tercera Convocatoria para el proceso de admisi\u00f3n para la IV Cohorte de la Especializaci\u00f3n en Medicina Familiar de la Fundaci\u00f3n Universitaria Navarra \u2013 UNINAVARRA\u201d","datePublished":"2025-01-24T21:32:26+00:00","mainEntityOfPage":{"@id":"https:\/\/uninavarra.edu.co\/en\/noticias-normatividad\/acuerdo-001-de-2024-23-de-enero-por-el-cual-se-apertura-la-tercera-convocatoria-para-el-proceso-de-admision-para-la-iv-cohorte-de-la-especializacion-en-medicina-familiar-de-la-fundacion-uni\/"},"wordCount":54,"publisher":{"@id":"https:\/\/uninavarra.edu.co\/#organization"},"image":{"@id":"https:\/\/uninavarra.edu.co\/en\/noticias-normatividad\/acuerdo-001-de-2024-23-de-enero-por-el-cual-se-apertura-la-tercera-convocatoria-para-el-proceso-de-admision-para-la-iv-cohorte-de-la-especializacion-en-medicina-familiar-de-la-fundacion-uni\/#primaryimage"},"thumbnailUrl":"https:\/\/uninavarra.edu.co\/wp-content\/uploads\/2024\/07\/news-01-1-1.jpg","articleSection":["Noticias Normatividad"],"inLanguage":"en-US"},{"@type":"WebPage","@id":"https:\/\/uninavarra.edu.co\/en\/noticias-normatividad\/acuerdo-001-de-2024-23-de-enero-por-el-cual-se-apertura-la-tercera-convocatoria-para-el-proceso-de-admision-para-la-iv-cohorte-de-la-especializacion-en-medicina-familiar-de-la-fundacion-uni\/","url":"https:\/\/uninavarra.edu.co\/en\/noticias-normatividad\/acuerdo-001-de-2024-23-de-enero-por-el-cual-se-apertura-la-tercera-convocatoria-para-el-proceso-de-admision-para-la-iv-cohorte-de-la-especializacion-en-medicina-familiar-de-la-fundacion-uni\/","name":"ACUERDO 001 DE 2024 (23 DE ENERO) \u201cPor el cual se apertura la Tercera Convocatoria para el proceso de admisi\u00f3n para la IV Cohorte de la Especializaci\u00f3n en Medicina Familiar de la Fundaci\u00f3n Universitaria Navarra \u2013 UNINAVARRA\u201d - Uninavarra","isPartOf":{"@id":"https:\/\/uninavarra.edu.co\/#website"},"primaryImageOfPage":{"@id":"https:\/\/uninavarra.edu.co\/en\/noticias-normatividad\/acuerdo-001-de-2024-23-de-enero-por-el-cual-se-apertura-la-tercera-convocatoria-para-el-proceso-de-admision-para-la-iv-cohorte-de-la-especializacion-en-medicina-familiar-de-la-fundacion-uni\/#primaryimage"},"image":{"@id":"https:\/\/uninavarra.edu.co\/en\/noticias-normatividad\/acuerdo-001-de-2024-23-de-enero-por-el-cual-se-apertura-la-tercera-convocatoria-para-el-proceso-de-admision-para-la-iv-cohorte-de-la-especializacion-en-medicina-familiar-de-la-fundacion-uni\/#primaryimage"},"thumbnailUrl":"https:\/\/uninavarra.edu.co\/wp-content\/uploads\/2024\/07\/news-01-1-1.jpg","datePublished":"2025-01-24T21:32:26+00:00","breadcrumb":{"@id":"https:\/\/uninavarra.edu.co\/en\/noticias-normatividad\/acuerdo-001-de-2024-23-de-enero-por-el-cual-se-apertura-la-tercera-convocatoria-para-el-proceso-de-admision-para-la-iv-cohorte-de-la-especializacion-en-medicina-familiar-de-la-fundacion-uni\/#breadcrumb"},"inLanguage":"en-US","potentialAction":[{"@type":"ReadAction","target":["https:\/\/uninavarra.edu.co\/en\/noticias-normatividad\/acuerdo-001-de-2024-23-de-enero-por-el-cual-se-apertura-la-tercera-convocatoria-para-el-proceso-de-admision-para-la-iv-cohorte-de-la-especializacion-en-medicina-familiar-de-la-fundacion-uni\/"]}]},{"@type":"ImageObject","inLanguage":"en-US","@id":"https:\/\/uninavarra.edu.co\/en\/noticias-normatividad\/acuerdo-001-de-2024-23-de-enero-por-el-cual-se-apertura-la-tercera-convocatoria-para-el-proceso-de-admision-para-la-iv-cohorte-de-la-especializacion-en-medicina-familiar-de-la-fundacion-uni\/#primaryimage","url":"https:\/\/uninavarra.edu.co\/wp-content\/uploads\/2024\/07\/news-01-1-1.jpg","contentUrl":"https:\/\/uninavarra.edu.co\/wp-content\/uploads\/2024\/07\/news-01-1-1.jpg","width":1651,"height":1201,"caption":"news 2024"},{"@type":"BreadcrumbList","@id":"https:\/\/uninavarra.edu.co\/en\/noticias-normatividad\/acuerdo-001-de-2024-23-de-enero-por-el-cual-se-apertura-la-tercera-convocatoria-para-el-proceso-de-admision-para-la-iv-cohorte-de-la-especializacion-en-medicina-familiar-de-la-fundacion-uni\/#breadcrumb","itemListElement":[{"@type":"ListItem","position":1,"name":"Home","item":"https:\/\/uninavarra.edu.co\/"},{"@type":"ListItem","position":2,"name":"ACUERDO 001 DE 2024 (23 DE ENERO) \u201cPor el cual se apertura la Tercera Convocatoria para el proceso de admisi\u00f3n para la IV Cohorte de la Especializaci\u00f3n en Medicina Familiar de la Fundaci\u00f3n Universitaria Navarra \u2013 UNINAVARRA\u201d"}]},{"@type":"WebSite","@id":"https:\/\/uninavarra.edu.co\/#website","url":"https:\/\/uninavarra.edu.co\/","name":"UNINAVARRA","description":"Make your desire to learn a reality","publisher":{"@id":"https:\/\/uninavarra.edu.co\/#organization"},"potentialAction":[{"@type":"SearchAction","target":{"@type":"EntryPoint","urlTemplate":"https:\/\/uninavarra.edu.co\/?s={search_term_string}"},"query-input":{"@type":"PropertyValueSpecification","valueRequired":true,"valueName":"search_term_string"}}],"inLanguage":"en-US"},{"@type":"Organization","@id":"https:\/\/uninavarra.edu.co\/#organization","name":"Navarre University Foundation - UNINAVARRA","url":"https:\/\/uninavarra.edu.co\/","logo":{"@type":"ImageObject","inLanguage":"en-US","@id":"https:\/\/uninavarra.edu.co\/#\/schema\/logo\/image\/","url":"https:\/\/uninavarra.edu.co\/wp-content\/uploads\/2024\/06\/Escudo-uninavarra-Solo.png","contentUrl":"https:\/\/uninavarra.edu.co\/wp-content\/uploads\/2024\/06\/Escudo-uninavarra-Solo.png","width":1500,"height":1401,"caption":"Fundaci\u00f3n Universitaria Navarra - UNINAVARRA"},"image":{"@id":"https:\/\/uninavarra.edu.co\/#\/schema\/logo\/image\/"},"sameAs":["https:\/\/www.facebook.com\/UninavarraEduca","https:\/\/x.com\/uninavarraeduca","https:\/\/www.instagram.com\/uninavarra\/?hl=es","https:\/\/www.linkedin.com\/in\/fundacin-universitaria-navarra-uninavarra-b41225222\/"]},{"@type":"Person","@id":"https:\/\/uninavarra.edu.co\/#\/schema\/person\/23524a63845108ea58e4a77307b70418","name":"Webmaster UNINAVARRA","url":"https:\/\/uninavarra.edu.co\/en\/author\/uninavarra1\/"}]}},"_links":{"self":[{"href":"https:\/\/uninavarra.edu.co\/en\/wp-json\/wp\/v2\/posts\/86445","targetHints":{"allow":["GET"]}}],"collection":[{"href":"https:\/\/uninavarra.edu.co\/en\/wp-json\/wp\/v2\/posts"}],"about":[{"href":"https:\/\/uninavarra.edu.co\/en\/wp-json\/wp\/v2\/types\/post"}],"author":[{"embeddable":true,"href":"https:\/\/uninavarra.edu.co\/en\/wp-json\/wp\/v2\/users\/13"}],"replies":[{"embeddable":true,"href":"https:\/\/uninavarra.edu.co\/en\/wp-json\/wp\/v2\/comments?post=86445"}],"version-history":[{"count":0,"href":"https:\/\/uninavarra.edu.co\/en\/wp-json\/wp\/v2\/posts\/86445\/revisions"}],"wp:featuredmedia":[{"embeddable":true,"href":"https:\/\/uninavarra.edu.co\/en\/wp-json\/wp\/v2\/media\/77161"}],"wp:attachment":[{"href":"https:\/\/uninavarra.edu.co\/en\/wp-json\/wp\/v2\/media?parent=86445"}],"wp:term":[{"taxonomy":"category","embeddable":true,"href":"https:\/\/uninavarra.edu.co\/en\/wp-json\/wp\/v2\/categories?post=86445"},{"taxonomy":"post_tag","embeddable":true,"href":"https:\/\/uninavarra.edu.co\/en\/wp-json\/wp\/v2\/tags?post=86445"}],"curies":[{"name":"wp","href":"https:\/\/api.w.org\/{rel}","templated":true}]}}