{"id":73245,"date":"2024-03-12T08:28:55","date_gmt":"2024-03-12T13:28:55","guid":{"rendered":"https:\/\/uninavarra.edu.co\/?p=73245"},"modified":"2024-03-26T08:52:36","modified_gmt":"2024-03-26T13:52:36","slug":"integracion-de-residentes-de-medicina-familiar-con-los-medicos-familiares-de-la-region","status":"publish","type":"post","link":"https:\/\/uninavarra.edu.co\/en\/medicina-familiar\/integracion-de-residentes-de-medicina-familiar-con-los-medicos-familiares-de-la-region\/","title":{"rendered":"Integration of Family Medicine residents with family physicians in the region."},"content":{"rendered":"<p style=\"text-align: center;\"><strong><span style=\"font-size: 28px; color: #ff0000;\">Integration of Family Medicine residents with family physicians in the region.\u00a0<\/span><\/strong><\/p>\n<div class=\"vc_empty_space\"   style=\"height: 32px\"><span class=\"vc_empty_space_inner\"><\/span><\/div>\n\t<div class=\"wpb_text_column wpb_content_element\" >\n\t\t<div class=\"wpb_wrapper\">\n\t\t\t<p>In an unprecedented event on March 12, 2024, the twelve Family Medicine residents of UNINAVARRA held a meeting with the Family Medicine specialists of the region.  In this meeting, clinical issues were discussed and also, proposals were led to initiate the Southern Chapter of Family Medicine, making a schedule, with the active participation of residents.   Proposals for the realization of the First South Colombian Congress of Family Medicine were also heard.<\/p>\n\n\t\t<\/div>\n\t<\/div>\n<div class=\"vc_empty_space\"   style=\"height: 32px\"><span class=\"vc_empty_space_inner\"><\/span><\/div>\n\t<div class=\"wpb_text_column wpb_content_element\" >\n\t\t<div class=\"wpb_wrapper\">\n\t\t\t<p><span class=\"ui-provider a b c d e f g h i j k l m n o p q r s t u v w x y z ab ac ae af ag ah ai aj ak\" dir=\"ltr\"><\/span><\/p>\n\n\t\t<\/div>\n\t<\/div>\n<div class=\"vc_empty_space\"   style=\"height: 32px\"><span class=\"vc_empty_space_inner\"><\/span><\/div>\n\t<div class=\"wpb_text_column wpb_content_element\" >\n\t\t<div class=\"wpb_wrapper\">\n\t\t\t\n\t\t<\/div>\n\t<\/div>","protected":false},"excerpt":{"rendered":"<p>Integration of Family Medicine residents with family physicians in the region.\u00a0<\/p>","protected":false},"author":13,"featured_media":72341,"comment_status":"closed","ping_status":"open","sticky":false,"template":"","format":"standard","meta":{"footnotes":""},"categories":[232],"tags":[],"class_list":["post-73245","post","type-post","status-publish","format-standard","has-post-thumbnail","hentry","category-medicina-familiar"],"yoast_head":"<!-- This site is optimized with the Yoast SEO plugin v27.4 - https:\/\/yoast.com\/product\/yoast-seo-wordpress\/ -->\n<title>Integraci\u00f3n\u00a0de residentes de Medicina Familiar con los m\u00e9dicos familiares de la regi\u00f3n - Uninavarra<\/title>\n<meta name=\"robots\" content=\"index, follow, max-snippet:-1, max-image-preview:large, max-video-preview:-1\" \/>\n<link rel=\"canonical\" href=\"https:\/\/uninavarra.edu.co\/en\/medicina-familiar\/integracion-de-residentes-de-medicina-familiar-con-los-medicos-familiares-de-la-region\/\" \/>\n<meta property=\"og:locale\" content=\"en_US\" \/>\n<meta property=\"og:type\" content=\"article\" \/>\n<meta property=\"og:title\" content=\"Integraci\u00f3n\u00a0de residentes de Medicina Familiar con los m\u00e9dicos familiares de la regi\u00f3n - Uninavarra\" \/>\n<meta property=\"og:description\" content=\"Integraci\u00f3n\u00a0de residentes de Medicina Familiar con los m\u00e9dicos familiares de la regi\u00f3n\u00a0\" \/>\n<meta property=\"og:url\" content=\"https:\/\/uninavarra.edu.co\/en\/medicina-familiar\/integracion-de-residentes-de-medicina-familiar-con-los-medicos-familiares-de-la-region\/\" \/>\n<meta property=\"og:site_name\" content=\"Uninavarra\" \/>\n<meta property=\"article:publisher\" content=\"https:\/\/www.facebook.com\/UninavarraEduca\" \/>\n<meta property=\"article:published_time\" content=\"2024-03-12T13:28:55+00:00\" \/>\n<meta property=\"article:modified_time\" content=\"2024-03-26T13:52:36+00:00\" \/>\n<meta property=\"og:image\" content=\"https:\/\/uninavarra.edu.co\/wp-content\/uploads\/2024\/03\/1-2.jpg\" \/>\n\t<meta property=\"og:image:width\" content=\"1600\" \/>\n\t<meta property=\"og:image:height\" content=\"1200\" \/>\n\t<meta property=\"og:image:type\" content=\"image\/jpeg\" \/>\n<meta name=\"author\" content=\"Webmaster UNINAVARRA\" \/>\n<meta name=\"twitter:card\" content=\"summary_large_image\" \/>\n<meta name=\"twitter:creator\" content=\"@uninavarraeduca\" \/>\n<meta name=\"twitter:site\" content=\"@uninavarraeduca\" \/>\n<meta name=\"twitter:label1\" content=\"Written by\" \/>\n\t<meta name=\"twitter:data1\" content=\"Webmaster UNINAVARRA\" \/>\n\t<meta name=\"twitter:label2\" content=\"Est. reading time\" \/>\n\t<meta name=\"twitter:data2\" content=\"1 minute\" \/>\n<script type=\"application\/ld+json\" class=\"yoast-schema-graph\">{\"@context\":\"https:\\\/\\\/schema.org\",\"@graph\":[{\"@type\":\"Article\",\"@id\":\"https:\\\/\\\/uninavarra.edu.co\\\/en\\\/medicina-familiar\\\/integracion-de-residentes-de-medicina-familiar-con-los-medicos-familiares-de-la-region\\\/#article\",\"isPartOf\":{\"@id\":\"https:\\\/\\\/uninavarra.edu.co\\\/en\\\/medicina-familiar\\\/integracion-de-residentes-de-medicina-familiar-con-los-medicos-familiares-de-la-region\\\/\"},\"author\":{\"name\":\"Webmaster UNINAVARRA\",\"@id\":\"https:\\\/\\\/uninavarra.edu.co\\\/#\\\/schema\\\/person\\\/23524a63845108ea58e4a77307b70418\"},\"headline\":\"Integraci\u00f3n\u00a0de residentes de Medicina Familiar con los m\u00e9dicos familiares de la regi\u00f3n\",\"datePublished\":\"2024-03-12T13:28:55+00:00\",\"dateModified\":\"2024-03-26T13:52:36+00:00\",\"mainEntityOfPage\":{\"@id\":\"https:\\\/\\\/uninavarra.edu.co\\\/en\\\/medicina-familiar\\\/integracion-de-residentes-de-medicina-familiar-con-los-medicos-familiares-de-la-region\\\/\"},\"wordCount\":141,\"publisher\":{\"@id\":\"https:\\\/\\\/uninavarra.edu.co\\\/#organization\"},\"image\":{\"@id\":\"https:\\\/\\\/uninavarra.edu.co\\\/en\\\/medicina-familiar\\\/integracion-de-residentes-de-medicina-familiar-con-los-medicos-familiares-de-la-region\\\/#primaryimage\"},\"thumbnailUrl\":\"https:\\\/\\\/uninavarra.edu.co\\\/wp-content\\\/uploads\\\/2024\\\/03\\\/1-2.jpg\",\"articleSection\":[\"Medicina Familiar\"],\"inLanguage\":\"en-US\"},{\"@type\":\"WebPage\",\"@id\":\"https:\\\/\\\/uninavarra.edu.co\\\/en\\\/medicina-familiar\\\/integracion-de-residentes-de-medicina-familiar-con-los-medicos-familiares-de-la-region\\\/\",\"url\":\"https:\\\/\\\/uninavarra.edu.co\\\/en\\\/medicina-familiar\\\/integracion-de-residentes-de-medicina-familiar-con-los-medicos-familiares-de-la-region\\\/\",\"name\":\"Integraci\u00f3n\u00a0de residentes de Medicina Familiar con los m\u00e9dicos familiares de la regi\u00f3n - Uninavarra\",\"isPartOf\":{\"@id\":\"https:\\\/\\\/uninavarra.edu.co\\\/#website\"},\"primaryImageOfPage\":{\"@id\":\"https:\\\/\\\/uninavarra.edu.co\\\/en\\\/medicina-familiar\\\/integracion-de-residentes-de-medicina-familiar-con-los-medicos-familiares-de-la-region\\\/#primaryimage\"},\"image\":{\"@id\":\"https:\\\/\\\/uninavarra.edu.co\\\/en\\\/medicina-familiar\\\/integracion-de-residentes-de-medicina-familiar-con-los-medicos-familiares-de-la-region\\\/#primaryimage\"},\"thumbnailUrl\":\"https:\\\/\\\/uninavarra.edu.co\\\/wp-content\\\/uploads\\\/2024\\\/03\\\/1-2.jpg\",\"datePublished\":\"2024-03-12T13:28:55+00:00\",\"dateModified\":\"2024-03-26T13:52:36+00:00\",\"breadcrumb\":{\"@id\":\"https:\\\/\\\/uninavarra.edu.co\\\/en\\\/medicina-familiar\\\/integracion-de-residentes-de-medicina-familiar-con-los-medicos-familiares-de-la-region\\\/#breadcrumb\"},\"inLanguage\":\"en-US\",\"potentialAction\":[{\"@type\":\"ReadAction\",\"target\":[\"https:\\\/\\\/uninavarra.edu.co\\\/en\\\/medicina-familiar\\\/integracion-de-residentes-de-medicina-familiar-con-los-medicos-familiares-de-la-region\\\/\"]}]},{\"@type\":\"ImageObject\",\"inLanguage\":\"en-US\",\"@id\":\"https:\\\/\\\/uninavarra.edu.co\\\/en\\\/medicina-familiar\\\/integracion-de-residentes-de-medicina-familiar-con-los-medicos-familiares-de-la-region\\\/#primaryimage\",\"url\":\"https:\\\/\\\/uninavarra.edu.co\\\/wp-content\\\/uploads\\\/2024\\\/03\\\/1-2.jpg\",\"contentUrl\":\"https:\\\/\\\/uninavarra.edu.co\\\/wp-content\\\/uploads\\\/2024\\\/03\\\/1-2.jpg\",\"width\":1600,\"height\":1200},{\"@type\":\"BreadcrumbList\",\"@id\":\"https:\\\/\\\/uninavarra.edu.co\\\/en\\\/medicina-familiar\\\/integracion-de-residentes-de-medicina-familiar-con-los-medicos-familiares-de-la-region\\\/#breadcrumb\",\"itemListElement\":[{\"@type\":\"ListItem\",\"position\":1,\"name\":\"Home\",\"item\":\"https:\\\/\\\/uninavarra.edu.co\\\/\"},{\"@type\":\"ListItem\",\"position\":2,\"name\":\"Integraci\u00f3n\u00a0de residentes de Medicina Familiar con los m\u00e9dicos familiares de la regi\u00f3n\"}]},{\"@type\":\"WebSite\",\"@id\":\"https:\\\/\\\/uninavarra.edu.co\\\/#website\",\"url\":\"https:\\\/\\\/uninavarra.edu.co\\\/\",\"name\":\"UNINAVARRA\",\"description\":\"Haz realidad tu deseo de aprender\",\"publisher\":{\"@id\":\"https:\\\/\\\/uninavarra.edu.co\\\/#organization\"},\"potentialAction\":[{\"@type\":\"SearchAction\",\"target\":{\"@type\":\"EntryPoint\",\"urlTemplate\":\"https:\\\/\\\/uninavarra.edu.co\\\/?s={search_term_string}\"},\"query-input\":{\"@type\":\"PropertyValueSpecification\",\"valueRequired\":true,\"valueName\":\"search_term_string\"}}],\"inLanguage\":\"en-US\"},{\"@type\":\"Organization\",\"@id\":\"https:\\\/\\\/uninavarra.edu.co\\\/#organization\",\"name\":\"Fundaci\u00f3n Universitaria Navarra - UNINAVARRA\",\"url\":\"https:\\\/\\\/uninavarra.edu.co\\\/\",\"logo\":{\"@type\":\"ImageObject\",\"inLanguage\":\"en-US\",\"@id\":\"https:\\\/\\\/uninavarra.edu.co\\\/#\\\/schema\\\/logo\\\/image\\\/\",\"url\":\"https:\\\/\\\/uninavarra.edu.co\\\/wp-content\\\/uploads\\\/2024\\\/06\\\/Escudo-uninavarra-Solo.png\",\"contentUrl\":\"https:\\\/\\\/uninavarra.edu.co\\\/wp-content\\\/uploads\\\/2024\\\/06\\\/Escudo-uninavarra-Solo.png\",\"width\":1500,\"height\":1401,\"caption\":\"Fundaci\u00f3n Universitaria Navarra - UNINAVARRA\"},\"image\":{\"@id\":\"https:\\\/\\\/uninavarra.edu.co\\\/#\\\/schema\\\/logo\\\/image\\\/\"},\"sameAs\":[\"https:\\\/\\\/www.facebook.com\\\/UninavarraEduca\",\"https:\\\/\\\/x.com\\\/uninavarraeduca\",\"https:\\\/\\\/www.instagram.com\\\/uninavarra\\\/?hl=es\",\"https:\\\/\\\/www.linkedin.com\\\/in\\\/fundacin-universitaria-navarra-uninavarra-b41225222\\\/\"]},{\"@type\":\"Person\",\"@id\":\"https:\\\/\\\/uninavarra.edu.co\\\/#\\\/schema\\\/person\\\/23524a63845108ea58e4a77307b70418\",\"name\":\"Webmaster UNINAVARRA\",\"url\":\"https:\\\/\\\/uninavarra.edu.co\\\/en\\\/author\\\/uninavarra1\\\/\"}]}<\/script>\n<!-- \/ Yoast SEO plugin. -->","yoast_head_json":{"title":"Integraci\u00f3n\u00a0de residentes de Medicina Familiar con los m\u00e9dicos familiares de la regi\u00f3n - Uninavarra","robots":{"index":"index","follow":"follow","max-snippet":"max-snippet:-1","max-image-preview":"max-image-preview:large","max-video-preview":"max-video-preview:-1"},"canonical":"https:\/\/uninavarra.edu.co\/en\/medicina-familiar\/integracion-de-residentes-de-medicina-familiar-con-los-medicos-familiares-de-la-region\/","og_locale":"en_US","og_type":"article","og_title":"Integraci\u00f3n\u00a0de residentes de Medicina Familiar con los m\u00e9dicos familiares de la regi\u00f3n - Uninavarra","og_description":"Integraci\u00f3n\u00a0de residentes de Medicina Familiar con los m\u00e9dicos familiares de la regi\u00f3n\u00a0","og_url":"https:\/\/uninavarra.edu.co\/en\/medicina-familiar\/integracion-de-residentes-de-medicina-familiar-con-los-medicos-familiares-de-la-region\/","og_site_name":"Uninavarra","article_publisher":"https:\/\/www.facebook.com\/UninavarraEduca","article_published_time":"2024-03-12T13:28:55+00:00","article_modified_time":"2024-03-26T13:52:36+00:00","og_image":[{"width":1600,"height":1200,"url":"https:\/\/uninavarra.edu.co\/wp-content\/uploads\/2024\/03\/1-2.jpg","type":"image\/jpeg"}],"author":"Webmaster UNINAVARRA","twitter_card":"summary_large_image","twitter_creator":"@uninavarraeduca","twitter_site":"@uninavarraeduca","twitter_misc":{"Written by":"Webmaster UNINAVARRA","Est. reading time":"1 minute"},"schema":{"@context":"https:\/\/schema.org","@graph":[{"@type":"Article","@id":"https:\/\/uninavarra.edu.co\/en\/medicina-familiar\/integracion-de-residentes-de-medicina-familiar-con-los-medicos-familiares-de-la-region\/#article","isPartOf":{"@id":"https:\/\/uninavarra.edu.co\/en\/medicina-familiar\/integracion-de-residentes-de-medicina-familiar-con-los-medicos-familiares-de-la-region\/"},"author":{"name":"Webmaster UNINAVARRA","@id":"https:\/\/uninavarra.edu.co\/#\/schema\/person\/23524a63845108ea58e4a77307b70418"},"headline":"Integraci\u00f3n\u00a0de residentes de Medicina Familiar con los m\u00e9dicos familiares de la regi\u00f3n","datePublished":"2024-03-12T13:28:55+00:00","dateModified":"2024-03-26T13:52:36+00:00","mainEntityOfPage":{"@id":"https:\/\/uninavarra.edu.co\/en\/medicina-familiar\/integracion-de-residentes-de-medicina-familiar-con-los-medicos-familiares-de-la-region\/"},"wordCount":141,"publisher":{"@id":"https:\/\/uninavarra.edu.co\/#organization"},"image":{"@id":"https:\/\/uninavarra.edu.co\/en\/medicina-familiar\/integracion-de-residentes-de-medicina-familiar-con-los-medicos-familiares-de-la-region\/#primaryimage"},"thumbnailUrl":"https:\/\/uninavarra.edu.co\/wp-content\/uploads\/2024\/03\/1-2.jpg","articleSection":["Medicina Familiar"],"inLanguage":"en-US"},{"@type":"WebPage","@id":"https:\/\/uninavarra.edu.co\/en\/medicina-familiar\/integracion-de-residentes-de-medicina-familiar-con-los-medicos-familiares-de-la-region\/","url":"https:\/\/uninavarra.edu.co\/en\/medicina-familiar\/integracion-de-residentes-de-medicina-familiar-con-los-medicos-familiares-de-la-region\/","name":"Integraci\u00f3n\u00a0de residentes de Medicina Familiar con los m\u00e9dicos familiares de la regi\u00f3n - Uninavarra","isPartOf":{"@id":"https:\/\/uninavarra.edu.co\/#website"},"primaryImageOfPage":{"@id":"https:\/\/uninavarra.edu.co\/en\/medicina-familiar\/integracion-de-residentes-de-medicina-familiar-con-los-medicos-familiares-de-la-region\/#primaryimage"},"image":{"@id":"https:\/\/uninavarra.edu.co\/en\/medicina-familiar\/integracion-de-residentes-de-medicina-familiar-con-los-medicos-familiares-de-la-region\/#primaryimage"},"thumbnailUrl":"https:\/\/uninavarra.edu.co\/wp-content\/uploads\/2024\/03\/1-2.jpg","datePublished":"2024-03-12T13:28:55+00:00","dateModified":"2024-03-26T13:52:36+00:00","breadcrumb":{"@id":"https:\/\/uninavarra.edu.co\/en\/medicina-familiar\/integracion-de-residentes-de-medicina-familiar-con-los-medicos-familiares-de-la-region\/#breadcrumb"},"inLanguage":"en-US","potentialAction":[{"@type":"ReadAction","target":["https:\/\/uninavarra.edu.co\/en\/medicina-familiar\/integracion-de-residentes-de-medicina-familiar-con-los-medicos-familiares-de-la-region\/"]}]},{"@type":"ImageObject","inLanguage":"en-US","@id":"https:\/\/uninavarra.edu.co\/en\/medicina-familiar\/integracion-de-residentes-de-medicina-familiar-con-los-medicos-familiares-de-la-region\/#primaryimage","url":"https:\/\/uninavarra.edu.co\/wp-content\/uploads\/2024\/03\/1-2.jpg","contentUrl":"https:\/\/uninavarra.edu.co\/wp-content\/uploads\/2024\/03\/1-2.jpg","width":1600,"height":1200},{"@type":"BreadcrumbList","@id":"https:\/\/uninavarra.edu.co\/en\/medicina-familiar\/integracion-de-residentes-de-medicina-familiar-con-los-medicos-familiares-de-la-region\/#breadcrumb","itemListElement":[{"@type":"ListItem","position":1,"name":"Home","item":"https:\/\/uninavarra.edu.co\/"},{"@type":"ListItem","position":2,"name":"Integraci\u00f3n\u00a0de residentes de Medicina Familiar con los m\u00e9dicos familiares de la regi\u00f3n"}]},{"@type":"WebSite","@id":"https:\/\/uninavarra.edu.co\/#website","url":"https:\/\/uninavarra.edu.co\/","name":"UNINAVARRA","description":"Make your desire to learn a reality","publisher":{"@id":"https:\/\/uninavarra.edu.co\/#organization"},"potentialAction":[{"@type":"SearchAction","target":{"@type":"EntryPoint","urlTemplate":"https:\/\/uninavarra.edu.co\/?s={search_term_string}"},"query-input":{"@type":"PropertyValueSpecification","valueRequired":true,"valueName":"search_term_string"}}],"inLanguage":"en-US"},{"@type":"Organization","@id":"https:\/\/uninavarra.edu.co\/#organization","name":"Navarre University Foundation - UNINAVARRA","url":"https:\/\/uninavarra.edu.co\/","logo":{"@type":"ImageObject","inLanguage":"en-US","@id":"https:\/\/uninavarra.edu.co\/#\/schema\/logo\/image\/","url":"https:\/\/uninavarra.edu.co\/wp-content\/uploads\/2024\/06\/Escudo-uninavarra-Solo.png","contentUrl":"https:\/\/uninavarra.edu.co\/wp-content\/uploads\/2024\/06\/Escudo-uninavarra-Solo.png","width":1500,"height":1401,"caption":"Fundaci\u00f3n Universitaria Navarra - UNINAVARRA"},"image":{"@id":"https:\/\/uninavarra.edu.co\/#\/schema\/logo\/image\/"},"sameAs":["https:\/\/www.facebook.com\/UninavarraEduca","https:\/\/x.com\/uninavarraeduca","https:\/\/www.instagram.com\/uninavarra\/?hl=es","https:\/\/www.linkedin.com\/in\/fundacin-universitaria-navarra-uninavarra-b41225222\/"]},{"@type":"Person","@id":"https:\/\/uninavarra.edu.co\/#\/schema\/person\/23524a63845108ea58e4a77307b70418","name":"Webmaster UNINAVARRA","url":"https:\/\/uninavarra.edu.co\/en\/author\/uninavarra1\/"}]}},"_links":{"self":[{"href":"https:\/\/uninavarra.edu.co\/en\/wp-json\/wp\/v2\/posts\/73245","targetHints":{"allow":["GET"]}}],"collection":[{"href":"https:\/\/uninavarra.edu.co\/en\/wp-json\/wp\/v2\/posts"}],"about":[{"href":"https:\/\/uninavarra.edu.co\/en\/wp-json\/wp\/v2\/types\/post"}],"author":[{"embeddable":true,"href":"https:\/\/uninavarra.edu.co\/en\/wp-json\/wp\/v2\/users\/13"}],"replies":[{"embeddable":true,"href":"https:\/\/uninavarra.edu.co\/en\/wp-json\/wp\/v2\/comments?post=73245"}],"version-history":[{"count":0,"href":"https:\/\/uninavarra.edu.co\/en\/wp-json\/wp\/v2\/posts\/73245\/revisions"}],"wp:featuredmedia":[{"embeddable":true,"href":"https:\/\/uninavarra.edu.co\/en\/wp-json\/wp\/v2\/media\/72341"}],"wp:attachment":[{"href":"https:\/\/uninavarra.edu.co\/en\/wp-json\/wp\/v2\/media?parent=73245"}],"wp:term":[{"taxonomy":"category","embeddable":true,"href":"https:\/\/uninavarra.edu.co\/en\/wp-json\/wp\/v2\/categories?post=73245"},{"taxonomy":"post_tag","embeddable":true,"href":"https:\/\/uninavarra.edu.co\/en\/wp-json\/wp\/v2\/tags?post=73245"}],"curies":[{"name":"wp","href":"https:\/\/api.w.org\/{rel}","templated":true}]}}