{"id":72933,"date":"2024-03-19T18:19:19","date_gmt":"2024-03-19T23:19:19","guid":{"rendered":"https:\/\/uninavarra.edu.co\/?p=72933"},"modified":"2024-08-01T10:10:11","modified_gmt":"2024-08-01T15:10:11","slug":"exito-femenino-equipo-de-anatomia-de-uninavarra-triunfa-a-nivel-nacional-y-representara-al-pais-en-competencia-internacional","status":"publish","type":"post","link":"https:\/\/uninavarra.edu.co\/en\/uncategorized\/exito-femenino-equipo-de-anatomia-de-uninavarra-triunfa-a-nivel-nacional-y-representara-al-pais-en-competencia-internacional\/","title":{"rendered":"Female success: UNINAVARRA anatomy team triumphs at national level and will represent the country in international competition"},"content":{"rendered":"<div class=\"wpb-content-wrapper\"><div class=\"wpb-container\"><div class=\"container\"><div class=\"vc_row wpb_row vc_row-fluid row\"><div class=\"col-sm-12  vc_\">\n\t\t<div class=\"wpb_wrapper\">\n\t\t\t<div class=\"wpb_single_image wpb_content_element vc_align_left\">\n\t\t<div class=\"wpb_wrapper\">\n\t\t\t\n\t\t\t<a href=\"#\" target=\"_self\"><img fetchpriority=\"high\" decoding=\"async\" width=\"2560\" height=\"1707\" src=\"https:\/\/uninavarra.edu.co\/wp-content\/uploads\/2024\/03\/3-5-scaled.jpg\" class=\"vc_box_border_grey attachment-full\" alt=\"noticia mujer 1\" title=\"3\" srcset=\"https:\/\/uninavarra.edu.co\/wp-content\/uploads\/2024\/03\/3-5-scaled.jpg 2560w, https:\/\/uninavarra.edu.co\/wp-content\/uploads\/2024\/03\/3-5-300x200.jpg 300w, https:\/\/uninavarra.edu.co\/wp-content\/uploads\/2024\/03\/3-5-1024x683.jpg 1024w, https:\/\/uninavarra.edu.co\/wp-content\/uploads\/2024\/03\/3-5-150x100.jpg 150w, https:\/\/uninavarra.edu.co\/wp-content\/uploads\/2024\/03\/3-5-768x512.jpg 768w, https:\/\/uninavarra.edu.co\/wp-content\/uploads\/2024\/03\/3-5-1536x1024.jpg 1536w, https:\/\/uninavarra.edu.co\/wp-content\/uploads\/2024\/03\/3-5-2048x1365.jpg 2048w\" sizes=\"(max-width: 2560px) 100vw, 2560px\" \/><\/a>\n\t\t<\/div> \n\t<\/div>\n\t<div class=\"wpb_text_column wpb_content_element\" >\n\t\t<div class=\"wpb_wrapper\">\n\t\t\t<p style=\"text-align: center;\"><span style=\"font-size: 12px;\">Team Colombia: (From right to left) Sarah Valentina Agudelo Am\u00e9zquita, Ana Sof\u00eda Carvajal, Hellen<br \/>\nSamara Cruz Vega, Karen Daniel Cubillos Trujillo and Dahian Sophie Arias.<\/span><\/p>\n\n\t\t<\/div>\n\t<\/div>\n<div class=\"vc_empty_space\"   style=\"height: 32px\"><span class=\"vc_empty_space_inner\"><\/span><\/div>\n\t<div class=\"wpb_text_column wpb_content_element\" >\n\t\t<div class=\"wpb_wrapper\">\n\t\t\t<p><span style=\"font-family: tahoma, arial, helvetica, sans-serif; font-size: 16px;\">In a historic milestone for the academic community of Fundaci\u00f3n Universitaria Navarra - UNINAVARRA, a team made up exclusively of female students, has reached the pinnacle of success, becoming the winner of the National Anatomy Competition, positioning itself as the representative of Colombia in a renowned international competition.<\/span><\/p>\n<p><span style=\"font-family: tahoma, arial, helvetica, sans-serif; font-size: 16px;\">This feat has its roots in an initiative that arose at a lunch between colleagues in the city of Quito at the end of 2022. At that time, Colombia lacked competitions of this type and the idea of having a winning team to represent the country in an international meeting was enthusiastically received by various representatives of the sector.<\/span><\/p>\n\n\t\t<\/div>\n\t<\/div>\n\n\t\t<\/div> \n\t<\/div><\/div><\/div><\/div><div class=\"wpb-container\"><div class=\"container\"><div class=\"vc_row wpb_row vc_row-fluid row\"><div class=\"col-sm-12  vc_\">\n\t\t<div class=\"wpb_wrapper\">\n\t\t\t<div class=\"wpb_single_image wpb_content_element vc_align_left\">\n\t\t<div class=\"wpb_wrapper\">\n\t\t\t\n\t\t\t<a href=\"#\" target=\"_self\"><img decoding=\"async\" width=\"2560\" height=\"1707\" src=\"https:\/\/uninavarra.edu.co\/wp-content\/uploads\/2024\/03\/2-1-3-scaled.jpg\" class=\"vc_box_border_grey attachment-full\" alt=\"noticia 2\" title=\"2\" srcset=\"https:\/\/uninavarra.edu.co\/wp-content\/uploads\/2024\/03\/2-1-3-scaled.jpg 2560w, https:\/\/uninavarra.edu.co\/wp-content\/uploads\/2024\/03\/2-1-3-300x200.jpg 300w, https:\/\/uninavarra.edu.co\/wp-content\/uploads\/2024\/03\/2-1-3-1024x683.jpg 1024w, https:\/\/uninavarra.edu.co\/wp-content\/uploads\/2024\/03\/2-1-3-150x100.jpg 150w, https:\/\/uninavarra.edu.co\/wp-content\/uploads\/2024\/03\/2-1-3-768x512.jpg 768w, https:\/\/uninavarra.edu.co\/wp-content\/uploads\/2024\/03\/2-1-3-1536x1024.jpg 1536w, https:\/\/uninavarra.edu.co\/wp-content\/uploads\/2024\/03\/2-1-3-2048x1365.jpg 2048w\" sizes=\"(max-width: 2560px) 100vw, 2560px\" \/><\/a>\n\t\t<\/div> \n\t<\/div><div class=\"vc_empty_space\"   style=\"height: 32px\"><span class=\"vc_empty_space_inner\"><\/span><\/div>\n\t<div class=\"wpb_text_column wpb_content_element\" >\n\t\t<div class=\"wpb_wrapper\">\n\t\t\t<p><span style=\"font-family: tahoma, arial, helvetica, sans-serif; font-size: 16px;\">The initiative was consolidated during the XV Colombian Congress of Morphology, held last year at the facilities of the Universidad de La Sabana, where the Fundaci\u00f3n Universitaria Navarra - UNINAVARRA, had the largest student delegation, composed of 42 participants, also standing out for receiving several awards, among which stood out the first place in the contest by the team composed of five female students of the Medicine program: Hellen Samara Cruz Vega, Karen Daniela Cubillos Trujillo, Dahian Sophie Arias, Ana Sof\u00eda Carvajal and Sarah Valentina Agudelo Am\u00e9zquita, who demonstrated their skill and dedication in the field of anatomy. This team was accompanied by Dr. Jos\u00e9 Dar\u00edo Rojas Oviedo, Coordinator of Morphological Sciences at UNINAVARRA, who has twice presided over the Colombian Association of Morphology and is one of the minds behind the creation of the National Competition.<\/span><\/p>\n\n\t\t<\/div>\n\t<\/div>\n\n\t\t<\/div> \n\t<\/div><\/div><\/div><\/div><div class=\"wpb-container\"><div class=\"container\"><div class=\"vc_row wpb_row vc_row-fluid row\"><div class=\"col-sm-12  vc_\">\n\t\t<div class=\"wpb_wrapper\">\n\t\t\t\n\t<div class=\"wpb_video_widget wpb_content_element vc_clearfix   vc_video-aspect-ratio-169 vc_video-el-width-100 vc_video-align-left\" >\n\t\t<div class=\"wpb_wrapper\">\n\t\t\t\n\t\t\t<div class=\"wpb_video_wrapper\"><iframe title=\"II IBEROAMERICAN ANATOMY CUP - #medicina UNINAVARRA\" width=\"500\" height=\"281\" src=\"https:\/\/www.youtube.com\/embed\/O2yFEt0GWVQ?feature=oembed\" frameborder=\"0\" allow=\"accelerometer; autoplay; clipboard-write; encrypted-media; gyroscope; picture-in-picture; web-share\" allowfullscreen><\/iframe><\/div>\n\t\t<\/div>\n\t<\/div>\n\n\t\t<\/div> \n\t<\/div><\/div><\/div><\/div><div class=\"wpb-container\"><div class=\"container\"><div class=\"vc_row wpb_row vc_row-fluid row\"><div class=\"col-sm-12  vc_\">\n\t\t<div class=\"wpb_wrapper\">\n\t\t\t<div class=\"vc_empty_space\"   style=\"height: 32px\"><span class=\"vc_empty_space_inner\"><\/span><\/div>\n\t<div class=\"wpb_text_column wpb_content_element\" >\n\t\t<div class=\"wpb_wrapper\">\n\t\t\t<p><span style=\"font-family: tahoma, arial, helvetica, sans-serif; font-size: 16px;\">The UNINAVARRA team emerged victorious from the group of participating institutions, among which were Universidad de La Sabana, Universidad de Manizales and Universidad del Bosque, giving them the honor of representing Colombia in the second edition of the Iberoamerican Anatomy Cup, a competition that will bring together countries such as Spain, Puerto Rico, Mexico, Peru and Chile, which will be held in online mode next Wednesday, March 20 at 10:00 a.m., Colombia time.<\/span><\/p>\n\n\t\t<\/div>\n\t<\/div>\n\n\t\t<\/div> \n\t<\/div><\/div><\/div><\/div><div class=\"wpb-container\"><div class=\"container\"><div class=\"vc_row wpb_row vc_row-fluid row\"><div class=\"col-sm-12  vc_\">\n\t\t<div class=\"wpb_wrapper\">\n\t\t\t<div class=\"vc_empty_space\"   style=\"height: 32px\"><span class=\"vc_empty_space_inner\"><\/span><\/div>\n\t<div class=\"wpb_text_column wpb_content_element\" >\n\t\t<div class=\"wpb_wrapper\">\n\t\t\t<p><span style=\"font-family: tahoma, arial, helvetica, sans-serif; font-size: 16px;\">The UNINAVARRA team emerged victorious from the group of participating institutions, among which were Universidad de La Sabana, Universidad de Manizales and Universidad del Bosque, giving them the honor of representing Colombia in the second edition of the Iberoamerican Anatomy Cup, a competition that will bring together countries such as Spain, Puerto Rico, Mexico, Peru and Chile, which will be held in online mode next Wednesday, March 20 at 10:00 a.m., Colombia time.<\/span><\/p>\n\n\t\t<\/div>\n\t<\/div>\n\n\t\t<\/div> \n\t<\/div><\/div><\/div><\/div><div class=\"wpb-container\"><div class=\"container\"><div class=\"vc_row wpb_row vc_row-fluid row\"><div class=\"col-sm-12  vc_\">\n\t\t<div class=\"wpb_wrapper\">\n\t\t\t<div class=\"wpb_single_image wpb_content_element vc_align_left\">\n\t\t<div class=\"wpb_wrapper\">\n\t\t\t\n\t\t\t<a href=\"#\" target=\"_self\"><img decoding=\"async\" width=\"2560\" height=\"1707\" src=\"https:\/\/uninavarra.edu.co\/wp-content\/uploads\/2024\/03\/1-3-scaled.jpg\" class=\"vc_box_border_grey attachment-full\" alt=\"noticia 3\" title=\"1\" srcset=\"https:\/\/uninavarra.edu.co\/wp-content\/uploads\/2024\/03\/1-3-scaled.jpg 2560w, https:\/\/uninavarra.edu.co\/wp-content\/uploads\/2024\/03\/1-3-300x200.jpg 300w, https:\/\/uninavarra.edu.co\/wp-content\/uploads\/2024\/03\/1-3-1024x683.jpg 1024w, https:\/\/uninavarra.edu.co\/wp-content\/uploads\/2024\/03\/1-3-150x100.jpg 150w, https:\/\/uninavarra.edu.co\/wp-content\/uploads\/2024\/03\/1-3-768x512.jpg 768w, https:\/\/uninavarra.edu.co\/wp-content\/uploads\/2024\/03\/1-3-1536x1024.jpg 1536w, https:\/\/uninavarra.edu.co\/wp-content\/uploads\/2024\/03\/1-3-2048x1365.jpg 2048w\" sizes=\"(max-width: 2560px) 100vw, 2560px\" \/><\/a>\n\t\t<\/div> \n\t<\/div><div class=\"vc_empty_space\"   style=\"height: 32px\"><span class=\"vc_empty_space_inner\"><\/span><\/div>\n\t<div class=\"wpb_text_column wpb_content_element\" >\n\t\t<div class=\"wpb_wrapper\">\n\t\t\t<p><span style=\"font-family: tahoma, arial, helvetica, sans-serif; font-size: 16px;\">The road to success was not without challenges. Dahian Sophie Arias, one of the members of the group, highlighted the teamwork and commitment to independent learning of each of her teammates, which was decisive for them to obtain a perfect score in the final round of the competition and in the shortest time possible, which led them to victory.<\/span><\/p>\n<p><span style=\"font-family: tahoma, arial, helvetica, sans-serif; font-size: 16px;\">For her part, Karen Daniela Cubillos Trujillo recalled the beginnings of the team, when they were in the second semester of the Medicine program and highlighted the learning process and the camaraderie that characterized their participation in the competition, emphasizing the trust placed in the knowledge acquired and in the leadership of their teachers.<\/span><\/p>\n<p><span style=\"font-family: tahoma, arial, helvetica, sans-serif; font-size: 16px;\">In the framework of Women's Month, UNINAVARRA proudly exalts the outstanding participation of this team, recognizing that their victory is not only an achievement for these young students, but also highlights the potential and female talent in the academic field, inspiring future generations to pursue their goals with the same determination and dedication that characterizes the Uninavarrista community. The Fundaci\u00f3n Universitaria Navarra - UNINAVARRA wishes them the greatest success in their next international competition, with the conviction that they will carry with them the banner of the institution with honor.<\/p>\n\n\t\t<\/div>\n\t<\/div>\n\n\t\t<\/div> \n\t<\/div><\/div><\/div><\/div><div class=\"wpb-container\"><div class=\"container\"><div class=\"vc_row wpb_row vc_row-fluid row\"><div class=\"col-sm-12  vc_\">\n\t\t<div class=\"wpb_wrapper\">\n\t\t\t\n\t<div class=\"wpb_text_column wpb_content_element\" >\n\t\t<div class=\"wpb_wrapper\">\n\t\t\t<p><\/span><\/p>\n\n\t\t<\/div>\n\t<\/div>\n\n\t\t<\/div> \n\t<\/div><\/div><\/div><\/div>\n<\/div>","protected":false},"excerpt":{"rendered":"Equipo Colombia: (De derecha a Izquierda) Sarah Valentina Agudelo Am\u00e9zquita, Ana Sof\u00eda Carvajal, Hellen Samara Cruz Vega, Karen Daniel Cubillos Trujillo y Dahian Sophie Arias. En un hito hist\u00f3rico para [...]","protected":false},"author":13,"featured_media":72935,"comment_status":"closed","ping_status":"open","sticky":false,"template":"","format":"standard","meta":{"footnotes":""},"categories":[268,1],"tags":[],"class_list":["post-72933","post","type-post","status-publish","format-standard","has-post-thumbnail","hentry","category-noticias-internacionalizacion","category-uncategorized"],"yoast_head":"<!-- This site is optimized with the Yoast SEO plugin v27.4 - https:\/\/yoast.com\/product\/yoast-seo-wordpress\/ -->\n<title>\u00c9xito femenino: Equipo de anatom\u00eda de UNINAVARRA triunfa a nivel nacional y representar\u00e1 al pa\u00eds en competencia internacional - Uninavarra<\/title>\n<meta name=\"robots\" content=\"index, follow, max-snippet:-1, max-image-preview:large, max-video-preview:-1\" \/>\n<link rel=\"canonical\" href=\"https:\/\/uninavarra.edu.co\/en\/uncategorized\/exito-femenino-equipo-de-anatomia-de-uninavarra-triunfa-a-nivel-nacional-y-representara-al-pais-en-competencia-internacional\/\" \/>\n<meta property=\"og:locale\" content=\"en_US\" \/>\n<meta property=\"og:type\" content=\"article\" \/>\n<meta property=\"og:title\" content=\"\u00c9xito femenino: Equipo de anatom\u00eda de UNINAVARRA triunfa a nivel nacional y representar\u00e1 al pa\u00eds en competencia internacional - Uninavarra\" \/>\n<meta property=\"og:url\" content=\"https:\/\/uninavarra.edu.co\/en\/uncategorized\/exito-femenino-equipo-de-anatomia-de-uninavarra-triunfa-a-nivel-nacional-y-representara-al-pais-en-competencia-internacional\/\" \/>\n<meta property=\"og:site_name\" content=\"Uninavarra\" \/>\n<meta property=\"article:publisher\" content=\"https:\/\/www.facebook.com\/UninavarraEduca\" \/>\n<meta property=\"article:published_time\" content=\"2024-03-19T23:19:19+00:00\" \/>\n<meta property=\"article:modified_time\" content=\"2024-08-01T15:10:11+00:00\" \/>\n<meta property=\"og:image\" content=\"https:\/\/uninavarra.edu.co\/wp-content\/uploads\/2024\/03\/Portada-Copa-Anatomia.jpg\" \/>\n\t<meta property=\"og:image:width\" content=\"1000\" \/>\n\t<meta property=\"og:image:height\" content=\"557\" \/>\n\t<meta property=\"og:image:type\" content=\"image\/jpeg\" \/>\n<meta name=\"author\" content=\"Webmaster UNINAVARRA\" \/>\n<meta name=\"twitter:card\" content=\"summary_large_image\" \/>\n<meta name=\"twitter:creator\" content=\"@uninavarraeduca\" \/>\n<meta name=\"twitter:site\" content=\"@uninavarraeduca\" \/>\n<meta name=\"twitter:label1\" content=\"Written by\" \/>\n\t<meta name=\"twitter:data1\" content=\"Webmaster UNINAVARRA\" \/>\n\t<meta name=\"twitter:label2\" content=\"Est. reading time\" \/>\n\t<meta name=\"twitter:data2\" content=\"4 minutes\" \/>\n<script type=\"application\/ld+json\" class=\"yoast-schema-graph\">{\"@context\":\"https:\\\/\\\/schema.org\",\"@graph\":[{\"@type\":\"Article\",\"@id\":\"https:\\\/\\\/uninavarra.edu.co\\\/uncategorized\\\/exito-femenino-equipo-de-anatomia-de-uninavarra-triunfa-a-nivel-nacional-y-representara-al-pais-en-competencia-internacional\\\/#article\",\"isPartOf\":{\"@id\":\"https:\\\/\\\/uninavarra.edu.co\\\/uncategorized\\\/exito-femenino-equipo-de-anatomia-de-uninavarra-triunfa-a-nivel-nacional-y-representara-al-pais-en-competencia-internacional\\\/\"},\"author\":{\"name\":\"Webmaster UNINAVARRA\",\"@id\":\"https:\\\/\\\/uninavarra.edu.co\\\/#\\\/schema\\\/person\\\/23524a63845108ea58e4a77307b70418\"},\"headline\":\"\u00c9xito femenino: Equipo de anatom\u00eda de UNINAVARRA triunfa a nivel nacional y representar\u00e1 al pa\u00eds en competencia internacional\",\"datePublished\":\"2024-03-19T23:19:19+00:00\",\"dateModified\":\"2024-08-01T15:10:11+00:00\",\"mainEntityOfPage\":{\"@id\":\"https:\\\/\\\/uninavarra.edu.co\\\/uncategorized\\\/exito-femenino-equipo-de-anatomia-de-uninavarra-triunfa-a-nivel-nacional-y-representara-al-pais-en-competencia-internacional\\\/\"},\"wordCount\":874,\"publisher\":{\"@id\":\"https:\\\/\\\/uninavarra.edu.co\\\/#organization\"},\"image\":{\"@id\":\"https:\\\/\\\/uninavarra.edu.co\\\/uncategorized\\\/exito-femenino-equipo-de-anatomia-de-uninavarra-triunfa-a-nivel-nacional-y-representara-al-pais-en-competencia-internacional\\\/#primaryimage\"},\"thumbnailUrl\":\"https:\\\/\\\/uninavarra.edu.co\\\/wp-content\\\/uploads\\\/2024\\\/03\\\/Portada-Copa-Anatomia.jpg\",\"articleSection\":[\"Noticias Internacionalizaci\u00f3n\"],\"inLanguage\":\"en-US\"},{\"@type\":\"WebPage\",\"@id\":\"https:\\\/\\\/uninavarra.edu.co\\\/uncategorized\\\/exito-femenino-equipo-de-anatomia-de-uninavarra-triunfa-a-nivel-nacional-y-representara-al-pais-en-competencia-internacional\\\/\",\"url\":\"https:\\\/\\\/uninavarra.edu.co\\\/uncategorized\\\/exito-femenino-equipo-de-anatomia-de-uninavarra-triunfa-a-nivel-nacional-y-representara-al-pais-en-competencia-internacional\\\/\",\"name\":\"\u00c9xito femenino: Equipo de anatom\u00eda de UNINAVARRA triunfa a nivel nacional y representar\u00e1 al pa\u00eds en competencia internacional - Uninavarra\",\"isPartOf\":{\"@id\":\"https:\\\/\\\/uninavarra.edu.co\\\/#website\"},\"primaryImageOfPage\":{\"@id\":\"https:\\\/\\\/uninavarra.edu.co\\\/uncategorized\\\/exito-femenino-equipo-de-anatomia-de-uninavarra-triunfa-a-nivel-nacional-y-representara-al-pais-en-competencia-internacional\\\/#primaryimage\"},\"image\":{\"@id\":\"https:\\\/\\\/uninavarra.edu.co\\\/uncategorized\\\/exito-femenino-equipo-de-anatomia-de-uninavarra-triunfa-a-nivel-nacional-y-representara-al-pais-en-competencia-internacional\\\/#primaryimage\"},\"thumbnailUrl\":\"https:\\\/\\\/uninavarra.edu.co\\\/wp-content\\\/uploads\\\/2024\\\/03\\\/Portada-Copa-Anatomia.jpg\",\"datePublished\":\"2024-03-19T23:19:19+00:00\",\"dateModified\":\"2024-08-01T15:10:11+00:00\",\"breadcrumb\":{\"@id\":\"https:\\\/\\\/uninavarra.edu.co\\\/uncategorized\\\/exito-femenino-equipo-de-anatomia-de-uninavarra-triunfa-a-nivel-nacional-y-representara-al-pais-en-competencia-internacional\\\/#breadcrumb\"},\"inLanguage\":\"en-US\",\"potentialAction\":[{\"@type\":\"ReadAction\",\"target\":[\"https:\\\/\\\/uninavarra.edu.co\\\/uncategorized\\\/exito-femenino-equipo-de-anatomia-de-uninavarra-triunfa-a-nivel-nacional-y-representara-al-pais-en-competencia-internacional\\\/\"]}]},{\"@type\":\"ImageObject\",\"inLanguage\":\"en-US\",\"@id\":\"https:\\\/\\\/uninavarra.edu.co\\\/uncategorized\\\/exito-femenino-equipo-de-anatomia-de-uninavarra-triunfa-a-nivel-nacional-y-representara-al-pais-en-competencia-internacional\\\/#primaryimage\",\"url\":\"https:\\\/\\\/uninavarra.edu.co\\\/wp-content\\\/uploads\\\/2024\\\/03\\\/Portada-Copa-Anatomia.jpg\",\"contentUrl\":\"https:\\\/\\\/uninavarra.edu.co\\\/wp-content\\\/uploads\\\/2024\\\/03\\\/Portada-Copa-Anatomia.jpg\",\"width\":1000,\"height\":557},{\"@type\":\"BreadcrumbList\",\"@id\":\"https:\\\/\\\/uninavarra.edu.co\\\/uncategorized\\\/exito-femenino-equipo-de-anatomia-de-uninavarra-triunfa-a-nivel-nacional-y-representara-al-pais-en-competencia-internacional\\\/#breadcrumb\",\"itemListElement\":[{\"@type\":\"ListItem\",\"position\":1,\"name\":\"Home\",\"item\":\"https:\\\/\\\/uninavarra.edu.co\\\/\"},{\"@type\":\"ListItem\",\"position\":2,\"name\":\"\u00c9xito femenino: Equipo de anatom\u00eda de UNINAVARRA triunfa a nivel nacional y representar\u00e1 al pa\u00eds en competencia internacional\"}]},{\"@type\":\"WebSite\",\"@id\":\"https:\\\/\\\/uninavarra.edu.co\\\/#website\",\"url\":\"https:\\\/\\\/uninavarra.edu.co\\\/\",\"name\":\"UNINAVARRA\",\"description\":\"Haz realidad tu deseo de aprender\",\"publisher\":{\"@id\":\"https:\\\/\\\/uninavarra.edu.co\\\/#organization\"},\"potentialAction\":[{\"@type\":\"SearchAction\",\"target\":{\"@type\":\"EntryPoint\",\"urlTemplate\":\"https:\\\/\\\/uninavarra.edu.co\\\/?s={search_term_string}\"},\"query-input\":{\"@type\":\"PropertyValueSpecification\",\"valueRequired\":true,\"valueName\":\"search_term_string\"}}],\"inLanguage\":\"en-US\"},{\"@type\":\"Organization\",\"@id\":\"https:\\\/\\\/uninavarra.edu.co\\\/#organization\",\"name\":\"Fundaci\u00f3n Universitaria Navarra - UNINAVARRA\",\"url\":\"https:\\\/\\\/uninavarra.edu.co\\\/\",\"logo\":{\"@type\":\"ImageObject\",\"inLanguage\":\"en-US\",\"@id\":\"https:\\\/\\\/uninavarra.edu.co\\\/#\\\/schema\\\/logo\\\/image\\\/\",\"url\":\"https:\\\/\\\/uninavarra.edu.co\\\/wp-content\\\/uploads\\\/2024\\\/06\\\/Escudo-uninavarra-Solo.png\",\"contentUrl\":\"https:\\\/\\\/uninavarra.edu.co\\\/wp-content\\\/uploads\\\/2024\\\/06\\\/Escudo-uninavarra-Solo.png\",\"width\":1500,\"height\":1401,\"caption\":\"Fundaci\u00f3n Universitaria Navarra - UNINAVARRA\"},\"image\":{\"@id\":\"https:\\\/\\\/uninavarra.edu.co\\\/#\\\/schema\\\/logo\\\/image\\\/\"},\"sameAs\":[\"https:\\\/\\\/www.facebook.com\\\/UninavarraEduca\",\"https:\\\/\\\/x.com\\\/uninavarraeduca\",\"https:\\\/\\\/www.instagram.com\\\/uninavarra\\\/?hl=es\",\"https:\\\/\\\/www.linkedin.com\\\/in\\\/fundacin-universitaria-navarra-uninavarra-b41225222\\\/\"]},{\"@type\":\"Person\",\"@id\":\"https:\\\/\\\/uninavarra.edu.co\\\/#\\\/schema\\\/person\\\/23524a63845108ea58e4a77307b70418\",\"name\":\"Webmaster UNINAVARRA\",\"url\":\"https:\\\/\\\/uninavarra.edu.co\\\/en\\\/author\\\/uninavarra1\\\/\"}]}<\/script>\n<!-- \/ Yoast SEO plugin. -->","yoast_head_json":{"title":"\u00c9xito femenino: Equipo de anatom\u00eda de UNINAVARRA triunfa a nivel nacional y representar\u00e1 al pa\u00eds en competencia internacional - Uninavarra","robots":{"index":"index","follow":"follow","max-snippet":"max-snippet:-1","max-image-preview":"max-image-preview:large","max-video-preview":"max-video-preview:-1"},"canonical":"https:\/\/uninavarra.edu.co\/en\/uncategorized\/exito-femenino-equipo-de-anatomia-de-uninavarra-triunfa-a-nivel-nacional-y-representara-al-pais-en-competencia-internacional\/","og_locale":"en_US","og_type":"article","og_title":"\u00c9xito femenino: Equipo de anatom\u00eda de UNINAVARRA triunfa a nivel nacional y representar\u00e1 al pa\u00eds en competencia internacional - Uninavarra","og_url":"https:\/\/uninavarra.edu.co\/en\/uncategorized\/exito-femenino-equipo-de-anatomia-de-uninavarra-triunfa-a-nivel-nacional-y-representara-al-pais-en-competencia-internacional\/","og_site_name":"Uninavarra","article_publisher":"https:\/\/www.facebook.com\/UninavarraEduca","article_published_time":"2024-03-19T23:19:19+00:00","article_modified_time":"2024-08-01T15:10:11+00:00","og_image":[{"width":1000,"height":557,"url":"https:\/\/uninavarra.edu.co\/wp-content\/uploads\/2024\/03\/Portada-Copa-Anatomia.jpg","type":"image\/jpeg"}],"author":"Webmaster UNINAVARRA","twitter_card":"summary_large_image","twitter_creator":"@uninavarraeduca","twitter_site":"@uninavarraeduca","twitter_misc":{"Written by":"Webmaster UNINAVARRA","Est. reading time":"4 minutes"},"schema":{"@context":"https:\/\/schema.org","@graph":[{"@type":"Article","@id":"https:\/\/uninavarra.edu.co\/uncategorized\/exito-femenino-equipo-de-anatomia-de-uninavarra-triunfa-a-nivel-nacional-y-representara-al-pais-en-competencia-internacional\/#article","isPartOf":{"@id":"https:\/\/uninavarra.edu.co\/uncategorized\/exito-femenino-equipo-de-anatomia-de-uninavarra-triunfa-a-nivel-nacional-y-representara-al-pais-en-competencia-internacional\/"},"author":{"name":"Webmaster UNINAVARRA","@id":"https:\/\/uninavarra.edu.co\/#\/schema\/person\/23524a63845108ea58e4a77307b70418"},"headline":"\u00c9xito femenino: Equipo de anatom\u00eda de UNINAVARRA triunfa a nivel nacional y representar\u00e1 al pa\u00eds en competencia internacional","datePublished":"2024-03-19T23:19:19+00:00","dateModified":"2024-08-01T15:10:11+00:00","mainEntityOfPage":{"@id":"https:\/\/uninavarra.edu.co\/uncategorized\/exito-femenino-equipo-de-anatomia-de-uninavarra-triunfa-a-nivel-nacional-y-representara-al-pais-en-competencia-internacional\/"},"wordCount":874,"publisher":{"@id":"https:\/\/uninavarra.edu.co\/#organization"},"image":{"@id":"https:\/\/uninavarra.edu.co\/uncategorized\/exito-femenino-equipo-de-anatomia-de-uninavarra-triunfa-a-nivel-nacional-y-representara-al-pais-en-competencia-internacional\/#primaryimage"},"thumbnailUrl":"https:\/\/uninavarra.edu.co\/wp-content\/uploads\/2024\/03\/Portada-Copa-Anatomia.jpg","articleSection":["Noticias Internacionalizaci\u00f3n"],"inLanguage":"en-US"},{"@type":"WebPage","@id":"https:\/\/uninavarra.edu.co\/uncategorized\/exito-femenino-equipo-de-anatomia-de-uninavarra-triunfa-a-nivel-nacional-y-representara-al-pais-en-competencia-internacional\/","url":"https:\/\/uninavarra.edu.co\/uncategorized\/exito-femenino-equipo-de-anatomia-de-uninavarra-triunfa-a-nivel-nacional-y-representara-al-pais-en-competencia-internacional\/","name":"\u00c9xito femenino: Equipo de anatom\u00eda de UNINAVARRA triunfa a nivel nacional y representar\u00e1 al pa\u00eds en competencia internacional - Uninavarra","isPartOf":{"@id":"https:\/\/uninavarra.edu.co\/#website"},"primaryImageOfPage":{"@id":"https:\/\/uninavarra.edu.co\/uncategorized\/exito-femenino-equipo-de-anatomia-de-uninavarra-triunfa-a-nivel-nacional-y-representara-al-pais-en-competencia-internacional\/#primaryimage"},"image":{"@id":"https:\/\/uninavarra.edu.co\/uncategorized\/exito-femenino-equipo-de-anatomia-de-uninavarra-triunfa-a-nivel-nacional-y-representara-al-pais-en-competencia-internacional\/#primaryimage"},"thumbnailUrl":"https:\/\/uninavarra.edu.co\/wp-content\/uploads\/2024\/03\/Portada-Copa-Anatomia.jpg","datePublished":"2024-03-19T23:19:19+00:00","dateModified":"2024-08-01T15:10:11+00:00","breadcrumb":{"@id":"https:\/\/uninavarra.edu.co\/uncategorized\/exito-femenino-equipo-de-anatomia-de-uninavarra-triunfa-a-nivel-nacional-y-representara-al-pais-en-competencia-internacional\/#breadcrumb"},"inLanguage":"en-US","potentialAction":[{"@type":"ReadAction","target":["https:\/\/uninavarra.edu.co\/uncategorized\/exito-femenino-equipo-de-anatomia-de-uninavarra-triunfa-a-nivel-nacional-y-representara-al-pais-en-competencia-internacional\/"]}]},{"@type":"ImageObject","inLanguage":"en-US","@id":"https:\/\/uninavarra.edu.co\/uncategorized\/exito-femenino-equipo-de-anatomia-de-uninavarra-triunfa-a-nivel-nacional-y-representara-al-pais-en-competencia-internacional\/#primaryimage","url":"https:\/\/uninavarra.edu.co\/wp-content\/uploads\/2024\/03\/Portada-Copa-Anatomia.jpg","contentUrl":"https:\/\/uninavarra.edu.co\/wp-content\/uploads\/2024\/03\/Portada-Copa-Anatomia.jpg","width":1000,"height":557},{"@type":"BreadcrumbList","@id":"https:\/\/uninavarra.edu.co\/uncategorized\/exito-femenino-equipo-de-anatomia-de-uninavarra-triunfa-a-nivel-nacional-y-representara-al-pais-en-competencia-internacional\/#breadcrumb","itemListElement":[{"@type":"ListItem","position":1,"name":"Home","item":"https:\/\/uninavarra.edu.co\/"},{"@type":"ListItem","position":2,"name":"\u00c9xito femenino: Equipo de anatom\u00eda de UNINAVARRA triunfa a nivel nacional y representar\u00e1 al pa\u00eds en competencia internacional"}]},{"@type":"WebSite","@id":"https:\/\/uninavarra.edu.co\/#website","url":"https:\/\/uninavarra.edu.co\/","name":"UNINAVARRA","description":"Make your desire to learn a reality","publisher":{"@id":"https:\/\/uninavarra.edu.co\/#organization"},"potentialAction":[{"@type":"SearchAction","target":{"@type":"EntryPoint","urlTemplate":"https:\/\/uninavarra.edu.co\/?s={search_term_string}"},"query-input":{"@type":"PropertyValueSpecification","valueRequired":true,"valueName":"search_term_string"}}],"inLanguage":"en-US"},{"@type":"Organization","@id":"https:\/\/uninavarra.edu.co\/#organization","name":"Navarre University Foundation - UNINAVARRA","url":"https:\/\/uninavarra.edu.co\/","logo":{"@type":"ImageObject","inLanguage":"en-US","@id":"https:\/\/uninavarra.edu.co\/#\/schema\/logo\/image\/","url":"https:\/\/uninavarra.edu.co\/wp-content\/uploads\/2024\/06\/Escudo-uninavarra-Solo.png","contentUrl":"https:\/\/uninavarra.edu.co\/wp-content\/uploads\/2024\/06\/Escudo-uninavarra-Solo.png","width":1500,"height":1401,"caption":"Fundaci\u00f3n Universitaria Navarra - UNINAVARRA"},"image":{"@id":"https:\/\/uninavarra.edu.co\/#\/schema\/logo\/image\/"},"sameAs":["https:\/\/www.facebook.com\/UninavarraEduca","https:\/\/x.com\/uninavarraeduca","https:\/\/www.instagram.com\/uninavarra\/?hl=es","https:\/\/www.linkedin.com\/in\/fundacin-universitaria-navarra-uninavarra-b41225222\/"]},{"@type":"Person","@id":"https:\/\/uninavarra.edu.co\/#\/schema\/person\/23524a63845108ea58e4a77307b70418","name":"Webmaster UNINAVARRA","url":"https:\/\/uninavarra.edu.co\/en\/author\/uninavarra1\/"}]}},"_links":{"self":[{"href":"https:\/\/uninavarra.edu.co\/en\/wp-json\/wp\/v2\/posts\/72933","targetHints":{"allow":["GET"]}}],"collection":[{"href":"https:\/\/uninavarra.edu.co\/en\/wp-json\/wp\/v2\/posts"}],"about":[{"href":"https:\/\/uninavarra.edu.co\/en\/wp-json\/wp\/v2\/types\/post"}],"author":[{"embeddable":true,"href":"https:\/\/uninavarra.edu.co\/en\/wp-json\/wp\/v2\/users\/13"}],"replies":[{"embeddable":true,"href":"https:\/\/uninavarra.edu.co\/en\/wp-json\/wp\/v2\/comments?post=72933"}],"version-history":[{"count":0,"href":"https:\/\/uninavarra.edu.co\/en\/wp-json\/wp\/v2\/posts\/72933\/revisions"}],"wp:featuredmedia":[{"embeddable":true,"href":"https:\/\/uninavarra.edu.co\/en\/wp-json\/wp\/v2\/media\/72935"}],"wp:attachment":[{"href":"https:\/\/uninavarra.edu.co\/en\/wp-json\/wp\/v2\/media?parent=72933"}],"wp:term":[{"taxonomy":"category","embeddable":true,"href":"https:\/\/uninavarra.edu.co\/en\/wp-json\/wp\/v2\/categories?post=72933"},{"taxonomy":"post_tag","embeddable":true,"href":"https:\/\/uninavarra.edu.co\/en\/wp-json\/wp\/v2\/tags?post=72933"}],"curies":[{"name":"wp","href":"https:\/\/api.w.org\/{rel}","templated":true}]}}