{"id":69560,"date":"2024-01-30T15:23:44","date_gmt":"2024-01-30T20:23:44","guid":{"rendered":"https:\/\/uninavarra.edu.co\/?p=69560"},"modified":"2024-01-30T15:40:57","modified_gmt":"2024-01-30T20:40:57","slug":"calidad-y-pertinencia-academica-uninavarra-fortalece-lazos-con-universidades-italianas-en-visita-internacional","status":"publish","type":"post","link":"https:\/\/uninavarra.edu.co\/en\/uncategorized\/calidad-y-pertinencia-academica-uninavarra-fortalece-lazos-con-universidades-italianas-en-visita-internacional\/","title":{"rendered":"Academic quality and relevance: UNINAVARRA strengthens ties with Italian universities in international visit"},"content":{"rendered":"<div class=\"wpb-content-wrapper\"><div class=\"wpb-container\"><div class=\"container\"><div class=\"vc_row wpb_row vc_row-fluid row\"><div class=\"col-sm-12  vc_\">\n\t\t<div class=\"wpb_wrapper\">\n\t\t\t\n\t<div class=\"wpb_text_column wpb_content_element\" >\n\t\t<div class=\"wpb_wrapper\">\n\t\t\t\n\n\t\t<\/div>\n\t<\/div>\n<div class=\"vc_empty_space\"   style=\"height: 32px\"><span class=\"vc_empty_space_inner\"><\/span><\/div>\n\t<div class=\"wpb_text_column wpb_content_element\" >\n\t\t<div class=\"wpb_wrapper\">\n\t\t\t<p><span style=\"font-family: tahoma, arial, helvetica, sans-serif;\">The University Foundation of Navarra - UNINAVARRA, through its Medicine program and its Specialization in Family Medicine, has strengthened international academic collaboration with leading Italian universities. The University of Rome La Sapienza and the University of Rome Tor Vergata, recognized worldwide, joined UNINAVARRA to offer a Master Class in English focused on gastrointestinal psychosomatic disorders and mental health in childhood and adolescence. This event, framed within the Internationalization Policy \"UNINAVARRA FACING THE WORLD,\" reinforces the institutional commitment to academic excellence and the exchange of knowledge at the international level.\u00a0<\/span><\/p>\n<p><span style=\"font-family: tahoma, arial, helvetica, sans-serif;\" data-ccp-props=\"{&quot;134233279&quot;:true,&quot;201341983&quot;:0,&quot;335551550&quot;:6,&quot;335551620&quot;:6,&quot;335559739&quot;:160,&quot;335559740&quot;:240}\">\u00a0<\/span><\/p>\n<p><span style=\"font-family: tahoma, arial, helvetica, sans-serif;\"><b>Allies<\/b><b> international excellence<\/b>\u00a0<\/span><\/p>\n<p><span style=\"font-family: tahoma, arial, helvetica, sans-serif;\">UNINAVARRA signed a framework agreement for cultural and scientific cooperation with the University of Rome La Sapienza in 2017 and subsequently a specific agreement for student exchange, as well as a teaching and research cooperation agreement in 2019. The University of Rome La Sapienza was the first university in Europe founded in 1303, with more than 700 years, it is positioned in the first place of higher education institutions in Italy according to the Academic Ranking of World Universities 2023 for its quality in research, education and international dimension.\u00a0\u00a0<\/span><\/p>\n<p><span style=\"font-family: tahoma, arial, helvetica, sans-serif;\">The University of Rome Tor Vergata, on the other hand, was established in 1972 and is the second oldest public university in the city. It ranks among the top 25 higher education institutions in Italy according to the Academic Ranking of World Universities 2023 and among the top 100 young universities in the world according to the Times Higher Education Young University Ranking 2023.\u00a0\u00a0<\/span><\/p>\n<p><span style=\"font-family: tahoma, arial, helvetica, sans-serif;\">On December 5, 2023, an outstanding Master Class was held in English, with the participation of renowned physicians from Italy. During this enriching academic day, the experts addressed various topics relevant to the field, offering valuable perspectives on mental disorders in childhood and adolescence.\u00a0<\/span><\/p>\n<p><span style=\"font-family: tahoma, arial, helvetica, sans-serif;\">Dr. Polese, a child neuropsychiatrist and doctoral candidate at the University of Rome La Sapienza, shared her experience and knowledge, focusing her presentation on depressive disorders, pre-psychotic disorders and psychosis in children. Her analysis included crucial aspects of the relationship between the mind and brain development from birth to adolescence, providing a comprehensive view of these disorders.\u00a0<\/span><\/p>\n<p><span style=\"font-family: tahoma, arial, helvetica, sans-serif;\">Alessandro Mazzetta, a physician and psychiatrist specialized in anxiety disorders, depression, and pre-psychotic disorders, as well as in interventions to prevent the chronicity of psychosis, actively participated in the Master Class. Dr. Mazzeta, a doctoral candidate at the University of Rome Tor Vergata, focused on somatic complaints in adolescence and high sensitivity to stress. His lecture highlighted early detection, prevention and treatment of risk states for the development of psychosis, providing a comprehensive approach to address these challenges.\u00a0<\/span><\/p>\n<p><span style=\"font-family: tahoma, arial, helvetica, sans-serif;\">The event featured interaction between experts and attendees in English and Spanish with simultaneous interpretation support, as well as consecutive interpretation by the Coordinator of the Specialization in Family Medicine, Dr. Isidro Torres. Participants had the opportunity to explore from the pathophysiology connected to the human gut microbiome to scientific theories and studies related to gastrointestinal psychosomatic disorders in childhood and adolescence. In addition, the focus on the relationship with the developing patient and parental support, based on recent scientific discoveries about the reaction of the human mind and brain at birth, was deepened.\u00a0<\/span><\/p>\n<p><span style=\"font-family: tahoma, arial, helvetica, sans-serif;\">These meetings not only seek to enrich students' learning in medical topics through international experts, but also to favor the internationalization of the curriculum, the development of communicative competence in English and the culture of internationalization, contributing to the formation of global professionals in a world in constant transformation.\u00a0<\/span><\/p>\n<p><span style=\"font-family: tahoma, arial, helvetica, sans-serif;\" data-ccp-props=\"{&quot;134233279&quot;:true,&quot;201341983&quot;:0,&quot;335551550&quot;:6,&quot;335551620&quot;:6,&quot;335559739&quot;:160,&quot;335559740&quot;:240}\">\u00a0<\/span><\/p>\n<p><span style=\"font-family: tahoma, arial, helvetica, sans-serif;\"><b>A family visit\u00a0<\/b>\u00a0<\/span><\/p>\n<p><span style=\"font-family: tahoma, arial, helvetica, sans-serif;\" data-contrast=\"auto\">The itinerary of the visit included a tour of the facilities of the High Complexity Simulated University Hospital - HUSAC -, where the advances in simulation in medical education made by UNINAVARRA, a pioneer institution in the region in simulation-mediated learning environments, as an innovative strategy that also promotes multidisciplinary learning, were evidenced.<\/span><\/p>\n\n\t\t<\/div>\n\t<\/div>\n\n\t<div class=\"wpb_video_widget wpb_content_element vc_clearfix   vc_video-aspect-ratio-169 vc_video-el-width-100 vc_video-align-center\" >\n\t\t<div class=\"wpb_wrapper\">\n\t\t\t<h2 class=\"wpb_heading wpb_video_heading\">UNINAVARRA facing the world!<\/h2>\n\t\t\t<div class=\"wpb_video_wrapper\"><iframe title=\"\ud83c\udf0d UNINAVARRA facing the world!\" width=\"500\" height=\"281\" src=\"https:\/\/www.youtube.com\/embed\/GjrkF9iRX4s?feature=oembed\" frameborder=\"0\" allow=\"accelerometer; autoplay; clipboard-write; encrypted-media; gyroscope; picture-in-picture; web-share\" allowfullscreen><\/iframe><\/div>\n\t\t<\/div>\n\t<\/div>\n\n\t\t<\/div> \n\t<\/div><\/div><\/div><\/div>\n<\/div>","protected":false},"excerpt":{"rendered":"La Fundaci\u00f3n Universitaria Navarra \u2013 UNINAVARRA, a trav\u00e9s de su programa de Medicina y su Especializaci\u00f3n en Medicina Familiar, ha fortalecido la colaboraci\u00f3n acad\u00e9mica internacional con destacadas universidades italianas. La [...]","protected":false},"author":13,"featured_media":69562,"comment_status":"closed","ping_status":"open","sticky":false,"template":"","format":"standard","meta":{"footnotes":""},"categories":[1],"tags":[],"class_list":["post-69560","post","type-post","status-publish","format-standard","has-post-thumbnail","hentry","category-uncategorized"],"yoast_head":"<!-- This site is optimized with the Yoast SEO plugin v27.4 - https:\/\/yoast.com\/product\/yoast-seo-wordpress\/ -->\n<title>Calidad y pertinencia acad\u00e9mica: UNINAVARRA fortalece lazos con universidades italianas en visita internacional - Uninavarra<\/title>\n<meta name=\"robots\" content=\"index, follow, max-snippet:-1, max-image-preview:large, max-video-preview:-1\" \/>\n<link rel=\"canonical\" href=\"https:\/\/uninavarra.edu.co\/en\/uncategorized\/calidad-y-pertinencia-academica-uninavarra-fortalece-lazos-con-universidades-italianas-en-visita-internacional\/\" \/>\n<meta property=\"og:locale\" content=\"en_US\" \/>\n<meta property=\"og:type\" content=\"article\" \/>\n<meta property=\"og:title\" content=\"Calidad y pertinencia acad\u00e9mica: UNINAVARRA fortalece lazos con universidades italianas en visita internacional - Uninavarra\" \/>\n<meta property=\"og:url\" content=\"https:\/\/uninavarra.edu.co\/en\/uncategorized\/calidad-y-pertinencia-academica-uninavarra-fortalece-lazos-con-universidades-italianas-en-visita-internacional\/\" \/>\n<meta property=\"og:site_name\" content=\"Uninavarra\" \/>\n<meta property=\"article:publisher\" content=\"https:\/\/www.facebook.com\/UninavarraEduca\" \/>\n<meta property=\"article:published_time\" content=\"2024-01-30T20:23:44+00:00\" \/>\n<meta property=\"article:modified_time\" content=\"2024-01-30T20:40:57+00:00\" \/>\n<meta property=\"og:image\" content=\"https:\/\/uninavarra.edu.co\/wp-content\/uploads\/2024\/01\/italiano-visita-internacional-3-scaled.jpg\" \/>\n\t<meta property=\"og:image:width\" content=\"2560\" \/>\n\t<meta property=\"og:image:height\" content=\"1707\" \/>\n\t<meta property=\"og:image:type\" content=\"image\/jpeg\" \/>\n<meta name=\"author\" content=\"Webmaster UNINAVARRA\" \/>\n<meta name=\"twitter:card\" content=\"summary_large_image\" \/>\n<meta name=\"twitter:creator\" content=\"@uninavarraeduca\" \/>\n<meta name=\"twitter:site\" content=\"@uninavarraeduca\" \/>\n<meta name=\"twitter:label1\" content=\"Written by\" \/>\n\t<meta name=\"twitter:data1\" content=\"Webmaster UNINAVARRA\" \/>\n\t<meta name=\"twitter:label2\" content=\"Est. reading time\" \/>\n\t<meta name=\"twitter:data2\" content=\"4 minutes\" \/>\n<script type=\"application\/ld+json\" class=\"yoast-schema-graph\">{\"@context\":\"https:\\\/\\\/schema.org\",\"@graph\":[{\"@type\":\"Article\",\"@id\":\"https:\\\/\\\/uninavarra.edu.co\\\/en\\\/uncategorized\\\/calidad-y-pertinencia-academica-uninavarra-fortalece-lazos-con-universidades-italianas-en-visita-internacional\\\/#article\",\"isPartOf\":{\"@id\":\"https:\\\/\\\/uninavarra.edu.co\\\/en\\\/uncategorized\\\/calidad-y-pertinencia-academica-uninavarra-fortalece-lazos-con-universidades-italianas-en-visita-internacional\\\/\"},\"author\":{\"name\":\"Webmaster UNINAVARRA\",\"@id\":\"https:\\\/\\\/uninavarra.edu.co\\\/#\\\/schema\\\/person\\\/23524a63845108ea58e4a77307b70418\"},\"headline\":\"Calidad y pertinencia acad\u00e9mica: UNINAVARRA fortalece lazos con universidades italianas en visita internacional\",\"datePublished\":\"2024-01-30T20:23:44+00:00\",\"dateModified\":\"2024-01-30T20:40:57+00:00\",\"mainEntityOfPage\":{\"@id\":\"https:\\\/\\\/uninavarra.edu.co\\\/en\\\/uncategorized\\\/calidad-y-pertinencia-academica-uninavarra-fortalece-lazos-con-universidades-italianas-en-visita-internacional\\\/\"},\"wordCount\":800,\"publisher\":{\"@id\":\"https:\\\/\\\/uninavarra.edu.co\\\/#organization\"},\"image\":{\"@id\":\"https:\\\/\\\/uninavarra.edu.co\\\/en\\\/uncategorized\\\/calidad-y-pertinencia-academica-uninavarra-fortalece-lazos-con-universidades-italianas-en-visita-internacional\\\/#primaryimage\"},\"thumbnailUrl\":\"https:\\\/\\\/uninavarra.edu.co\\\/wp-content\\\/uploads\\\/2024\\\/01\\\/italiano-visita-internacional-3-scaled.jpg\",\"inLanguage\":\"en-US\"},{\"@type\":\"WebPage\",\"@id\":\"https:\\\/\\\/uninavarra.edu.co\\\/en\\\/uncategorized\\\/calidad-y-pertinencia-academica-uninavarra-fortalece-lazos-con-universidades-italianas-en-visita-internacional\\\/\",\"url\":\"https:\\\/\\\/uninavarra.edu.co\\\/en\\\/uncategorized\\\/calidad-y-pertinencia-academica-uninavarra-fortalece-lazos-con-universidades-italianas-en-visita-internacional\\\/\",\"name\":\"Calidad y pertinencia acad\u00e9mica: UNINAVARRA fortalece lazos con universidades italianas en visita internacional - Uninavarra\",\"isPartOf\":{\"@id\":\"https:\\\/\\\/uninavarra.edu.co\\\/#website\"},\"primaryImageOfPage\":{\"@id\":\"https:\\\/\\\/uninavarra.edu.co\\\/en\\\/uncategorized\\\/calidad-y-pertinencia-academica-uninavarra-fortalece-lazos-con-universidades-italianas-en-visita-internacional\\\/#primaryimage\"},\"image\":{\"@id\":\"https:\\\/\\\/uninavarra.edu.co\\\/en\\\/uncategorized\\\/calidad-y-pertinencia-academica-uninavarra-fortalece-lazos-con-universidades-italianas-en-visita-internacional\\\/#primaryimage\"},\"thumbnailUrl\":\"https:\\\/\\\/uninavarra.edu.co\\\/wp-content\\\/uploads\\\/2024\\\/01\\\/italiano-visita-internacional-3-scaled.jpg\",\"datePublished\":\"2024-01-30T20:23:44+00:00\",\"dateModified\":\"2024-01-30T20:40:57+00:00\",\"breadcrumb\":{\"@id\":\"https:\\\/\\\/uninavarra.edu.co\\\/en\\\/uncategorized\\\/calidad-y-pertinencia-academica-uninavarra-fortalece-lazos-con-universidades-italianas-en-visita-internacional\\\/#breadcrumb\"},\"inLanguage\":\"en-US\",\"potentialAction\":[{\"@type\":\"ReadAction\",\"target\":[\"https:\\\/\\\/uninavarra.edu.co\\\/en\\\/uncategorized\\\/calidad-y-pertinencia-academica-uninavarra-fortalece-lazos-con-universidades-italianas-en-visita-internacional\\\/\"]}]},{\"@type\":\"ImageObject\",\"inLanguage\":\"en-US\",\"@id\":\"https:\\\/\\\/uninavarra.edu.co\\\/en\\\/uncategorized\\\/calidad-y-pertinencia-academica-uninavarra-fortalece-lazos-con-universidades-italianas-en-visita-internacional\\\/#primaryimage\",\"url\":\"https:\\\/\\\/uninavarra.edu.co\\\/wp-content\\\/uploads\\\/2024\\\/01\\\/italiano-visita-internacional-3-scaled.jpg\",\"contentUrl\":\"https:\\\/\\\/uninavarra.edu.co\\\/wp-content\\\/uploads\\\/2024\\\/01\\\/italiano-visita-internacional-3-scaled.jpg\",\"width\":2560,\"height\":1707},{\"@type\":\"BreadcrumbList\",\"@id\":\"https:\\\/\\\/uninavarra.edu.co\\\/en\\\/uncategorized\\\/calidad-y-pertinencia-academica-uninavarra-fortalece-lazos-con-universidades-italianas-en-visita-internacional\\\/#breadcrumb\",\"itemListElement\":[{\"@type\":\"ListItem\",\"position\":1,\"name\":\"Home\",\"item\":\"https:\\\/\\\/uninavarra.edu.co\\\/\"},{\"@type\":\"ListItem\",\"position\":2,\"name\":\"Calidad y pertinencia acad\u00e9mica: UNINAVARRA fortalece lazos con universidades italianas en visita internacional\"}]},{\"@type\":\"WebSite\",\"@id\":\"https:\\\/\\\/uninavarra.edu.co\\\/#website\",\"url\":\"https:\\\/\\\/uninavarra.edu.co\\\/\",\"name\":\"UNINAVARRA\",\"description\":\"Haz realidad tu deseo de aprender\",\"publisher\":{\"@id\":\"https:\\\/\\\/uninavarra.edu.co\\\/#organization\"},\"potentialAction\":[{\"@type\":\"SearchAction\",\"target\":{\"@type\":\"EntryPoint\",\"urlTemplate\":\"https:\\\/\\\/uninavarra.edu.co\\\/?s={search_term_string}\"},\"query-input\":{\"@type\":\"PropertyValueSpecification\",\"valueRequired\":true,\"valueName\":\"search_term_string\"}}],\"inLanguage\":\"en-US\"},{\"@type\":\"Organization\",\"@id\":\"https:\\\/\\\/uninavarra.edu.co\\\/#organization\",\"name\":\"Fundaci\u00f3n Universitaria Navarra - UNINAVARRA\",\"url\":\"https:\\\/\\\/uninavarra.edu.co\\\/\",\"logo\":{\"@type\":\"ImageObject\",\"inLanguage\":\"en-US\",\"@id\":\"https:\\\/\\\/uninavarra.edu.co\\\/#\\\/schema\\\/logo\\\/image\\\/\",\"url\":\"https:\\\/\\\/uninavarra.edu.co\\\/wp-content\\\/uploads\\\/2024\\\/06\\\/Escudo-uninavarra-Solo.png\",\"contentUrl\":\"https:\\\/\\\/uninavarra.edu.co\\\/wp-content\\\/uploads\\\/2024\\\/06\\\/Escudo-uninavarra-Solo.png\",\"width\":1500,\"height\":1401,\"caption\":\"Fundaci\u00f3n Universitaria Navarra - UNINAVARRA\"},\"image\":{\"@id\":\"https:\\\/\\\/uninavarra.edu.co\\\/#\\\/schema\\\/logo\\\/image\\\/\"},\"sameAs\":[\"https:\\\/\\\/www.facebook.com\\\/UninavarraEduca\",\"https:\\\/\\\/x.com\\\/uninavarraeduca\",\"https:\\\/\\\/www.instagram.com\\\/uninavarra\\\/?hl=es\",\"https:\\\/\\\/www.linkedin.com\\\/in\\\/fundacin-universitaria-navarra-uninavarra-b41225222\\\/\"]},{\"@type\":\"Person\",\"@id\":\"https:\\\/\\\/uninavarra.edu.co\\\/#\\\/schema\\\/person\\\/23524a63845108ea58e4a77307b70418\",\"name\":\"Webmaster UNINAVARRA\",\"url\":\"https:\\\/\\\/uninavarra.edu.co\\\/en\\\/author\\\/uninavarra1\\\/\"}]}<\/script>\n<!-- \/ Yoast SEO plugin. -->","yoast_head_json":{"title":"Calidad y pertinencia acad\u00e9mica: UNINAVARRA fortalece lazos con universidades italianas en visita internacional - Uninavarra","robots":{"index":"index","follow":"follow","max-snippet":"max-snippet:-1","max-image-preview":"max-image-preview:large","max-video-preview":"max-video-preview:-1"},"canonical":"https:\/\/uninavarra.edu.co\/en\/uncategorized\/calidad-y-pertinencia-academica-uninavarra-fortalece-lazos-con-universidades-italianas-en-visita-internacional\/","og_locale":"en_US","og_type":"article","og_title":"Calidad y pertinencia acad\u00e9mica: UNINAVARRA fortalece lazos con universidades italianas en visita internacional - Uninavarra","og_url":"https:\/\/uninavarra.edu.co\/en\/uncategorized\/calidad-y-pertinencia-academica-uninavarra-fortalece-lazos-con-universidades-italianas-en-visita-internacional\/","og_site_name":"Uninavarra","article_publisher":"https:\/\/www.facebook.com\/UninavarraEduca","article_published_time":"2024-01-30T20:23:44+00:00","article_modified_time":"2024-01-30T20:40:57+00:00","og_image":[{"width":2560,"height":1707,"url":"https:\/\/uninavarra.edu.co\/wp-content\/uploads\/2024\/01\/italiano-visita-internacional-3-scaled.jpg","type":"image\/jpeg"}],"author":"Webmaster UNINAVARRA","twitter_card":"summary_large_image","twitter_creator":"@uninavarraeduca","twitter_site":"@uninavarraeduca","twitter_misc":{"Written by":"Webmaster UNINAVARRA","Est. reading time":"4 minutes"},"schema":{"@context":"https:\/\/schema.org","@graph":[{"@type":"Article","@id":"https:\/\/uninavarra.edu.co\/en\/uncategorized\/calidad-y-pertinencia-academica-uninavarra-fortalece-lazos-con-universidades-italianas-en-visita-internacional\/#article","isPartOf":{"@id":"https:\/\/uninavarra.edu.co\/en\/uncategorized\/calidad-y-pertinencia-academica-uninavarra-fortalece-lazos-con-universidades-italianas-en-visita-internacional\/"},"author":{"name":"Webmaster UNINAVARRA","@id":"https:\/\/uninavarra.edu.co\/#\/schema\/person\/23524a63845108ea58e4a77307b70418"},"headline":"Calidad y pertinencia acad\u00e9mica: UNINAVARRA fortalece lazos con universidades italianas en visita internacional","datePublished":"2024-01-30T20:23:44+00:00","dateModified":"2024-01-30T20:40:57+00:00","mainEntityOfPage":{"@id":"https:\/\/uninavarra.edu.co\/en\/uncategorized\/calidad-y-pertinencia-academica-uninavarra-fortalece-lazos-con-universidades-italianas-en-visita-internacional\/"},"wordCount":800,"publisher":{"@id":"https:\/\/uninavarra.edu.co\/#organization"},"image":{"@id":"https:\/\/uninavarra.edu.co\/en\/uncategorized\/calidad-y-pertinencia-academica-uninavarra-fortalece-lazos-con-universidades-italianas-en-visita-internacional\/#primaryimage"},"thumbnailUrl":"https:\/\/uninavarra.edu.co\/wp-content\/uploads\/2024\/01\/italiano-visita-internacional-3-scaled.jpg","inLanguage":"en-US"},{"@type":"WebPage","@id":"https:\/\/uninavarra.edu.co\/en\/uncategorized\/calidad-y-pertinencia-academica-uninavarra-fortalece-lazos-con-universidades-italianas-en-visita-internacional\/","url":"https:\/\/uninavarra.edu.co\/en\/uncategorized\/calidad-y-pertinencia-academica-uninavarra-fortalece-lazos-con-universidades-italianas-en-visita-internacional\/","name":"Calidad y pertinencia acad\u00e9mica: UNINAVARRA fortalece lazos con universidades italianas en visita internacional - Uninavarra","isPartOf":{"@id":"https:\/\/uninavarra.edu.co\/#website"},"primaryImageOfPage":{"@id":"https:\/\/uninavarra.edu.co\/en\/uncategorized\/calidad-y-pertinencia-academica-uninavarra-fortalece-lazos-con-universidades-italianas-en-visita-internacional\/#primaryimage"},"image":{"@id":"https:\/\/uninavarra.edu.co\/en\/uncategorized\/calidad-y-pertinencia-academica-uninavarra-fortalece-lazos-con-universidades-italianas-en-visita-internacional\/#primaryimage"},"thumbnailUrl":"https:\/\/uninavarra.edu.co\/wp-content\/uploads\/2024\/01\/italiano-visita-internacional-3-scaled.jpg","datePublished":"2024-01-30T20:23:44+00:00","dateModified":"2024-01-30T20:40:57+00:00","breadcrumb":{"@id":"https:\/\/uninavarra.edu.co\/en\/uncategorized\/calidad-y-pertinencia-academica-uninavarra-fortalece-lazos-con-universidades-italianas-en-visita-internacional\/#breadcrumb"},"inLanguage":"en-US","potentialAction":[{"@type":"ReadAction","target":["https:\/\/uninavarra.edu.co\/en\/uncategorized\/calidad-y-pertinencia-academica-uninavarra-fortalece-lazos-con-universidades-italianas-en-visita-internacional\/"]}]},{"@type":"ImageObject","inLanguage":"en-US","@id":"https:\/\/uninavarra.edu.co\/en\/uncategorized\/calidad-y-pertinencia-academica-uninavarra-fortalece-lazos-con-universidades-italianas-en-visita-internacional\/#primaryimage","url":"https:\/\/uninavarra.edu.co\/wp-content\/uploads\/2024\/01\/italiano-visita-internacional-3-scaled.jpg","contentUrl":"https:\/\/uninavarra.edu.co\/wp-content\/uploads\/2024\/01\/italiano-visita-internacional-3-scaled.jpg","width":2560,"height":1707},{"@type":"BreadcrumbList","@id":"https:\/\/uninavarra.edu.co\/en\/uncategorized\/calidad-y-pertinencia-academica-uninavarra-fortalece-lazos-con-universidades-italianas-en-visita-internacional\/#breadcrumb","itemListElement":[{"@type":"ListItem","position":1,"name":"Home","item":"https:\/\/uninavarra.edu.co\/"},{"@type":"ListItem","position":2,"name":"Calidad y pertinencia acad\u00e9mica: UNINAVARRA fortalece lazos con universidades italianas en visita internacional"}]},{"@type":"WebSite","@id":"https:\/\/uninavarra.edu.co\/#website","url":"https:\/\/uninavarra.edu.co\/","name":"UNINAVARRA","description":"Make your desire to learn a reality","publisher":{"@id":"https:\/\/uninavarra.edu.co\/#organization"},"potentialAction":[{"@type":"SearchAction","target":{"@type":"EntryPoint","urlTemplate":"https:\/\/uninavarra.edu.co\/?s={search_term_string}"},"query-input":{"@type":"PropertyValueSpecification","valueRequired":true,"valueName":"search_term_string"}}],"inLanguage":"en-US"},{"@type":"Organization","@id":"https:\/\/uninavarra.edu.co\/#organization","name":"Navarre University Foundation - UNINAVARRA","url":"https:\/\/uninavarra.edu.co\/","logo":{"@type":"ImageObject","inLanguage":"en-US","@id":"https:\/\/uninavarra.edu.co\/#\/schema\/logo\/image\/","url":"https:\/\/uninavarra.edu.co\/wp-content\/uploads\/2024\/06\/Escudo-uninavarra-Solo.png","contentUrl":"https:\/\/uninavarra.edu.co\/wp-content\/uploads\/2024\/06\/Escudo-uninavarra-Solo.png","width":1500,"height":1401,"caption":"Fundaci\u00f3n Universitaria Navarra - UNINAVARRA"},"image":{"@id":"https:\/\/uninavarra.edu.co\/#\/schema\/logo\/image\/"},"sameAs":["https:\/\/www.facebook.com\/UninavarraEduca","https:\/\/x.com\/uninavarraeduca","https:\/\/www.instagram.com\/uninavarra\/?hl=es","https:\/\/www.linkedin.com\/in\/fundacin-universitaria-navarra-uninavarra-b41225222\/"]},{"@type":"Person","@id":"https:\/\/uninavarra.edu.co\/#\/schema\/person\/23524a63845108ea58e4a77307b70418","name":"Webmaster UNINAVARRA","url":"https:\/\/uninavarra.edu.co\/en\/author\/uninavarra1\/"}]}},"_links":{"self":[{"href":"https:\/\/uninavarra.edu.co\/en\/wp-json\/wp\/v2\/posts\/69560","targetHints":{"allow":["GET"]}}],"collection":[{"href":"https:\/\/uninavarra.edu.co\/en\/wp-json\/wp\/v2\/posts"}],"about":[{"href":"https:\/\/uninavarra.edu.co\/en\/wp-json\/wp\/v2\/types\/post"}],"author":[{"embeddable":true,"href":"https:\/\/uninavarra.edu.co\/en\/wp-json\/wp\/v2\/users\/13"}],"replies":[{"embeddable":true,"href":"https:\/\/uninavarra.edu.co\/en\/wp-json\/wp\/v2\/comments?post=69560"}],"version-history":[{"count":0,"href":"https:\/\/uninavarra.edu.co\/en\/wp-json\/wp\/v2\/posts\/69560\/revisions"}],"wp:featuredmedia":[{"embeddable":true,"href":"https:\/\/uninavarra.edu.co\/en\/wp-json\/wp\/v2\/media\/69562"}],"wp:attachment":[{"href":"https:\/\/uninavarra.edu.co\/en\/wp-json\/wp\/v2\/media?parent=69560"}],"wp:term":[{"taxonomy":"category","embeddable":true,"href":"https:\/\/uninavarra.edu.co\/en\/wp-json\/wp\/v2\/categories?post=69560"},{"taxonomy":"post_tag","embeddable":true,"href":"https:\/\/uninavarra.edu.co\/en\/wp-json\/wp\/v2\/tags?post=69560"}],"curies":[{"name":"wp","href":"https:\/\/api.w.org\/{rel}","templated":true}]}}