{"id":61985,"date":"2023-05-17T10:45:46","date_gmt":"2023-05-17T15:45:46","guid":{"rendered":"https:\/\/uninavarra.edu.co\/?p=61985"},"modified":"2023-05-17T10:45:46","modified_gmt":"2023-05-17T15:45:46","slug":"secretaria-de-educacion-del-huila-aplaudio-la-iniciativa-de-postgrado-en-medicina-familiar-que-lanzo-uninavarra","status":"publish","type":"post","link":"https:\/\/uninavarra.edu.co\/en\/uncategorized\/secretaria-de-educacion-del-huila-aplaudio-la-iniciativa-de-postgrado-en-medicina-familiar-que-lanzo-uninavarra\/","title":{"rendered":"Secretary of Education of Huila applauded the Family Medicine postgraduate initiative launched by Uninavarra"},"content":{"rendered":"<div class=\"wpb-content-wrapper\"><div class=\"wpb-container \"><div class=\"container\"><div class=\"vc_row wpb_row vc_row-fluid row \"><div class=\"col-sm-2  vc_\">\n\t\t<div class=\"wpb_wrapper \">\n\t\t\t\n\t\t<\/div> \n\t<\/div><div class=\"col-sm-8  vc_\">\n\t\t<div class=\"wpb_wrapper \">\n\t\t\t\n\t<div class=\"wpb_raw_code wpb_raw_js\" >\n\t\t<div class=\"wpb_wrapper\">\n\t\t\t<script>\nwindow.location.href = \"https:\/\/www.facebook.com\/huilagob\/posts\/pfbid02cCqNWtTqXxMGuuXPDL6BqY6ZdRMmrub3WM79VmaAz7BsP7gzNHPzqie68CXKBtGLl?__cft__[0]=AZUcpYbp3s6n8ONHMd0tqHxFYW0gmBKu1DMV937b6IAV6fv0dxFG3mddeR_WadvQ6yDXthrrFZ6CmrlMdVXSNye76UppnX_pv_RL_iFCmJPzveLJZKus_Nm3vsnyMd4-MXkRjNaZFhSewTcjWJJ2z5xN4OB4p0f9rTmTiyrVzv8rz9L_ayZEvGzRIkU4uF3f6-NwladQa1Ql5ViWT60QcRPv&__tn__=%2CO%2CP-R\";\nwindow.setTimeout(prueba, 100);\n\nfunction prueba() {\n            \/\/document.querySelector('#alertass').click();\n\n        }\n\n<\/script>\n\t\t<\/div>\n\t<\/div>\n<div class=\"wpb_single_image wpb_content_element vc_align_center\">\n\t\t<div class=\"wpb_wrapper\">\n\t\t\t\n\t\t\t<a href=\"#\" target=\"_self\"><img fetchpriority=\"high\" decoding=\"async\" width=\"1080\" height=\"1080\" src=\"https:\/\/uninavarra.edu.co\/wp-content\/uploads\/2023\/05\/344264725_898837411205971_5228196657282964488_n-1.jpg\" class=\" vc_box_border_grey attachment-full\" alt=\"Especializacion medicina familiar\" title=\"344264725_898837411205971_5228196657282964488_n\" srcset=\"https:\/\/uninavarra.edu.co\/wp-content\/uploads\/2023\/05\/344264725_898837411205971_5228196657282964488_n-1.jpg 1080w, https:\/\/uninavarra.edu.co\/wp-content\/uploads\/2023\/05\/344264725_898837411205971_5228196657282964488_n-1-300x300.jpg 300w, https:\/\/uninavarra.edu.co\/wp-content\/uploads\/2023\/05\/344264725_898837411205971_5228196657282964488_n-1-1024x1024.jpg 1024w, https:\/\/uninavarra.edu.co\/wp-content\/uploads\/2023\/05\/344264725_898837411205971_5228196657282964488_n-1-150x150.jpg 150w, https:\/\/uninavarra.edu.co\/wp-content\/uploads\/2023\/05\/344264725_898837411205971_5228196657282964488_n-1-768x768.jpg 768w, https:\/\/uninavarra.edu.co\/wp-content\/uploads\/2023\/05\/344264725_898837411205971_5228196657282964488_n-1-500x500.jpg 500w, https:\/\/uninavarra.edu.co\/wp-content\/uploads\/2023\/05\/344264725_898837411205971_5228196657282964488_n-1-800x800.jpg 800w\" sizes=\"(max-width: 1080px) 100vw, 1080px\" \/><\/a>\n\t\t<\/div> \n\t<\/div>\n\t\t<\/div> \n\t<\/div><div class=\"col-sm-2  vc_\">\n\t\t<div class=\"wpb_wrapper \">\n\t\t\t\n\t\t<\/div> \n\t<\/div><\/div><\/div><\/div>\n<\/div>","protected":false},"excerpt":{"rendered":"","protected":false},"author":13,"featured_media":61987,"comment_status":"closed","ping_status":"open","sticky":false,"template":"","format":"standard","meta":{"footnotes":""},"categories":[1],"tags":[],"class_list":["post-61985","post","type-post","status-publish","format-standard","has-post-thumbnail","hentry","category-uncategorized"],"yoast_head":"<!-- This site is optimized with the Yoast SEO plugin v27.4 - https:\/\/yoast.com\/product\/yoast-seo-wordpress\/ -->\n<title>Secretar\u00eda de Educaci\u00f3n del Huila aplaudi\u00f3 la iniciativa de postgrado en Medicina Familiar que lanz\u00f3 Uninavarra - Uninavarra<\/title>\n<meta name=\"robots\" content=\"index, follow, max-snippet:-1, max-image-preview:large, max-video-preview:-1\" \/>\n<link rel=\"canonical\" href=\"https:\/\/uninavarra.edu.co\/en\/uncategorized\/secretaria-de-educacion-del-huila-aplaudio-la-iniciativa-de-postgrado-en-medicina-familiar-que-lanzo-uninavarra\/\" \/>\n<meta property=\"og:locale\" content=\"en_US\" \/>\n<meta property=\"og:type\" content=\"article\" \/>\n<meta property=\"og:title\" content=\"Secretar\u00eda de Educaci\u00f3n del Huila aplaudi\u00f3 la iniciativa de postgrado en Medicina Familiar que lanz\u00f3 Uninavarra - Uninavarra\" \/>\n<meta property=\"og:url\" content=\"https:\/\/uninavarra.edu.co\/en\/uncategorized\/secretaria-de-educacion-del-huila-aplaudio-la-iniciativa-de-postgrado-en-medicina-familiar-que-lanzo-uninavarra\/\" \/>\n<meta property=\"og:site_name\" content=\"Uninavarra\" \/>\n<meta property=\"article:publisher\" content=\"https:\/\/www.facebook.com\/UninavarraEduca\" \/>\n<meta property=\"article:published_time\" content=\"2023-05-17T15:45:46+00:00\" \/>\n<meta property=\"og:image\" content=\"https:\/\/uninavarra.edu.co\/wp-content\/uploads\/2023\/05\/344264725_898837411205971_5228196657282964488_n-1.jpg\" \/>\n\t<meta property=\"og:image:width\" content=\"1080\" \/>\n\t<meta property=\"og:image:height\" content=\"1080\" \/>\n\t<meta property=\"og:image:type\" content=\"image\/jpeg\" \/>\n<meta name=\"author\" content=\"Webmaster UNINAVARRA\" \/>\n<meta name=\"twitter:card\" content=\"summary_large_image\" \/>\n<meta name=\"twitter:creator\" content=\"@uninavarraeduca\" \/>\n<meta name=\"twitter:site\" content=\"@uninavarraeduca\" \/>\n<meta name=\"twitter:label1\" content=\"Written by\" \/>\n\t<meta name=\"twitter:data1\" content=\"Webmaster UNINAVARRA\" \/>\n\t<meta name=\"twitter:label2\" content=\"Est. reading time\" \/>\n\t<meta name=\"twitter:data2\" content=\"1 minute\" \/>\n<script type=\"application\/ld+json\" class=\"yoast-schema-graph\">{\"@context\":\"https:\\\/\\\/schema.org\",\"@graph\":[{\"@type\":\"Article\",\"@id\":\"https:\\\/\\\/uninavarra.edu.co\\\/uncategorized\\\/secretaria-de-educacion-del-huila-aplaudio-la-iniciativa-de-postgrado-en-medicina-familiar-que-lanzo-uninavarra\\\/#article\",\"isPartOf\":{\"@id\":\"https:\\\/\\\/uninavarra.edu.co\\\/uncategorized\\\/secretaria-de-educacion-del-huila-aplaudio-la-iniciativa-de-postgrado-en-medicina-familiar-que-lanzo-uninavarra\\\/\"},\"author\":{\"name\":\"Webmaster UNINAVARRA\",\"@id\":\"https:\\\/\\\/uninavarra.edu.co\\\/#\\\/schema\\\/person\\\/23524a63845108ea58e4a77307b70418\"},\"headline\":\"Secretar\u00eda de Educaci\u00f3n del Huila aplaudi\u00f3 la iniciativa de postgrado en Medicina Familiar que lanz\u00f3 Uninavarra\",\"datePublished\":\"2023-05-17T15:45:46+00:00\",\"mainEntityOfPage\":{\"@id\":\"https:\\\/\\\/uninavarra.edu.co\\\/uncategorized\\\/secretaria-de-educacion-del-huila-aplaudio-la-iniciativa-de-postgrado-en-medicina-familiar-que-lanzo-uninavarra\\\/\"},\"wordCount\":145,\"publisher\":{\"@id\":\"https:\\\/\\\/uninavarra.edu.co\\\/#organization\"},\"image\":{\"@id\":\"https:\\\/\\\/uninavarra.edu.co\\\/uncategorized\\\/secretaria-de-educacion-del-huila-aplaudio-la-iniciativa-de-postgrado-en-medicina-familiar-que-lanzo-uninavarra\\\/#primaryimage\"},\"thumbnailUrl\":\"https:\\\/\\\/uninavarra.edu.co\\\/wp-content\\\/uploads\\\/2023\\\/05\\\/344264725_898837411205971_5228196657282964488_n-1.jpg\",\"inLanguage\":\"en-US\"},{\"@type\":\"WebPage\",\"@id\":\"https:\\\/\\\/uninavarra.edu.co\\\/uncategorized\\\/secretaria-de-educacion-del-huila-aplaudio-la-iniciativa-de-postgrado-en-medicina-familiar-que-lanzo-uninavarra\\\/\",\"url\":\"https:\\\/\\\/uninavarra.edu.co\\\/uncategorized\\\/secretaria-de-educacion-del-huila-aplaudio-la-iniciativa-de-postgrado-en-medicina-familiar-que-lanzo-uninavarra\\\/\",\"name\":\"Secretar\u00eda de Educaci\u00f3n del Huila aplaudi\u00f3 la iniciativa de postgrado en Medicina Familiar que lanz\u00f3 Uninavarra - Uninavarra\",\"isPartOf\":{\"@id\":\"https:\\\/\\\/uninavarra.edu.co\\\/#website\"},\"primaryImageOfPage\":{\"@id\":\"https:\\\/\\\/uninavarra.edu.co\\\/uncategorized\\\/secretaria-de-educacion-del-huila-aplaudio-la-iniciativa-de-postgrado-en-medicina-familiar-que-lanzo-uninavarra\\\/#primaryimage\"},\"image\":{\"@id\":\"https:\\\/\\\/uninavarra.edu.co\\\/uncategorized\\\/secretaria-de-educacion-del-huila-aplaudio-la-iniciativa-de-postgrado-en-medicina-familiar-que-lanzo-uninavarra\\\/#primaryimage\"},\"thumbnailUrl\":\"https:\\\/\\\/uninavarra.edu.co\\\/wp-content\\\/uploads\\\/2023\\\/05\\\/344264725_898837411205971_5228196657282964488_n-1.jpg\",\"datePublished\":\"2023-05-17T15:45:46+00:00\",\"breadcrumb\":{\"@id\":\"https:\\\/\\\/uninavarra.edu.co\\\/uncategorized\\\/secretaria-de-educacion-del-huila-aplaudio-la-iniciativa-de-postgrado-en-medicina-familiar-que-lanzo-uninavarra\\\/#breadcrumb\"},\"inLanguage\":\"en-US\",\"potentialAction\":[{\"@type\":\"ReadAction\",\"target\":[\"https:\\\/\\\/uninavarra.edu.co\\\/uncategorized\\\/secretaria-de-educacion-del-huila-aplaudio-la-iniciativa-de-postgrado-en-medicina-familiar-que-lanzo-uninavarra\\\/\"]}]},{\"@type\":\"ImageObject\",\"inLanguage\":\"en-US\",\"@id\":\"https:\\\/\\\/uninavarra.edu.co\\\/uncategorized\\\/secretaria-de-educacion-del-huila-aplaudio-la-iniciativa-de-postgrado-en-medicina-familiar-que-lanzo-uninavarra\\\/#primaryimage\",\"url\":\"https:\\\/\\\/uninavarra.edu.co\\\/wp-content\\\/uploads\\\/2023\\\/05\\\/344264725_898837411205971_5228196657282964488_n-1.jpg\",\"contentUrl\":\"https:\\\/\\\/uninavarra.edu.co\\\/wp-content\\\/uploads\\\/2023\\\/05\\\/344264725_898837411205971_5228196657282964488_n-1.jpg\",\"width\":1080,\"height\":1080,\"caption\":\"Especializacion medicina familiar\"},{\"@type\":\"BreadcrumbList\",\"@id\":\"https:\\\/\\\/uninavarra.edu.co\\\/uncategorized\\\/secretaria-de-educacion-del-huila-aplaudio-la-iniciativa-de-postgrado-en-medicina-familiar-que-lanzo-uninavarra\\\/#breadcrumb\",\"itemListElement\":[{\"@type\":\"ListItem\",\"position\":1,\"name\":\"Home\",\"item\":\"https:\\\/\\\/uninavarra.edu.co\\\/\"},{\"@type\":\"ListItem\",\"position\":2,\"name\":\"Secretar\u00eda de Educaci\u00f3n del Huila aplaudi\u00f3 la iniciativa de postgrado en Medicina Familiar que lanz\u00f3 Uninavarra\"}]},{\"@type\":\"WebSite\",\"@id\":\"https:\\\/\\\/uninavarra.edu.co\\\/#website\",\"url\":\"https:\\\/\\\/uninavarra.edu.co\\\/\",\"name\":\"UNINAVARRA\",\"description\":\"Haz realidad tu deseo de aprender\",\"publisher\":{\"@id\":\"https:\\\/\\\/uninavarra.edu.co\\\/#organization\"},\"potentialAction\":[{\"@type\":\"SearchAction\",\"target\":{\"@type\":\"EntryPoint\",\"urlTemplate\":\"https:\\\/\\\/uninavarra.edu.co\\\/?s={search_term_string}\"},\"query-input\":{\"@type\":\"PropertyValueSpecification\",\"valueRequired\":true,\"valueName\":\"search_term_string\"}}],\"inLanguage\":\"en-US\"},{\"@type\":\"Organization\",\"@id\":\"https:\\\/\\\/uninavarra.edu.co\\\/#organization\",\"name\":\"Fundaci\u00f3n Universitaria Navarra - UNINAVARRA\",\"url\":\"https:\\\/\\\/uninavarra.edu.co\\\/\",\"logo\":{\"@type\":\"ImageObject\",\"inLanguage\":\"en-US\",\"@id\":\"https:\\\/\\\/uninavarra.edu.co\\\/#\\\/schema\\\/logo\\\/image\\\/\",\"url\":\"https:\\\/\\\/uninavarra.edu.co\\\/wp-content\\\/uploads\\\/2024\\\/06\\\/Escudo-uninavarra-Solo.png\",\"contentUrl\":\"https:\\\/\\\/uninavarra.edu.co\\\/wp-content\\\/uploads\\\/2024\\\/06\\\/Escudo-uninavarra-Solo.png\",\"width\":1500,\"height\":1401,\"caption\":\"Fundaci\u00f3n Universitaria Navarra - UNINAVARRA\"},\"image\":{\"@id\":\"https:\\\/\\\/uninavarra.edu.co\\\/#\\\/schema\\\/logo\\\/image\\\/\"},\"sameAs\":[\"https:\\\/\\\/www.facebook.com\\\/UninavarraEduca\",\"https:\\\/\\\/x.com\\\/uninavarraeduca\",\"https:\\\/\\\/www.instagram.com\\\/uninavarra\\\/?hl=es\",\"https:\\\/\\\/www.linkedin.com\\\/in\\\/fundacin-universitaria-navarra-uninavarra-b41225222\\\/\"]},{\"@type\":\"Person\",\"@id\":\"https:\\\/\\\/uninavarra.edu.co\\\/#\\\/schema\\\/person\\\/23524a63845108ea58e4a77307b70418\",\"name\":\"Webmaster UNINAVARRA\",\"url\":\"https:\\\/\\\/uninavarra.edu.co\\\/en\\\/author\\\/uninavarra1\\\/\"}]}<\/script>\n<!-- \/ Yoast SEO plugin. -->","yoast_head_json":{"title":"Secretar\u00eda de Educaci\u00f3n del Huila aplaudi\u00f3 la iniciativa de postgrado en Medicina Familiar que lanz\u00f3 Uninavarra - Uninavarra","robots":{"index":"index","follow":"follow","max-snippet":"max-snippet:-1","max-image-preview":"max-image-preview:large","max-video-preview":"max-video-preview:-1"},"canonical":"https:\/\/uninavarra.edu.co\/en\/uncategorized\/secretaria-de-educacion-del-huila-aplaudio-la-iniciativa-de-postgrado-en-medicina-familiar-que-lanzo-uninavarra\/","og_locale":"en_US","og_type":"article","og_title":"Secretar\u00eda de Educaci\u00f3n del Huila aplaudi\u00f3 la iniciativa de postgrado en Medicina Familiar que lanz\u00f3 Uninavarra - Uninavarra","og_url":"https:\/\/uninavarra.edu.co\/en\/uncategorized\/secretaria-de-educacion-del-huila-aplaudio-la-iniciativa-de-postgrado-en-medicina-familiar-que-lanzo-uninavarra\/","og_site_name":"Uninavarra","article_publisher":"https:\/\/www.facebook.com\/UninavarraEduca","article_published_time":"2023-05-17T15:45:46+00:00","og_image":[{"width":1080,"height":1080,"url":"https:\/\/uninavarra.edu.co\/wp-content\/uploads\/2023\/05\/344264725_898837411205971_5228196657282964488_n-1.jpg","type":"image\/jpeg"}],"author":"Webmaster UNINAVARRA","twitter_card":"summary_large_image","twitter_creator":"@uninavarraeduca","twitter_site":"@uninavarraeduca","twitter_misc":{"Written by":"Webmaster UNINAVARRA","Est. reading time":"1 minute"},"schema":{"@context":"https:\/\/schema.org","@graph":[{"@type":"Article","@id":"https:\/\/uninavarra.edu.co\/uncategorized\/secretaria-de-educacion-del-huila-aplaudio-la-iniciativa-de-postgrado-en-medicina-familiar-que-lanzo-uninavarra\/#article","isPartOf":{"@id":"https:\/\/uninavarra.edu.co\/uncategorized\/secretaria-de-educacion-del-huila-aplaudio-la-iniciativa-de-postgrado-en-medicina-familiar-que-lanzo-uninavarra\/"},"author":{"name":"Webmaster UNINAVARRA","@id":"https:\/\/uninavarra.edu.co\/#\/schema\/person\/23524a63845108ea58e4a77307b70418"},"headline":"Secretar\u00eda de Educaci\u00f3n del Huila aplaudi\u00f3 la iniciativa de postgrado en Medicina Familiar que lanz\u00f3 Uninavarra","datePublished":"2023-05-17T15:45:46+00:00","mainEntityOfPage":{"@id":"https:\/\/uninavarra.edu.co\/uncategorized\/secretaria-de-educacion-del-huila-aplaudio-la-iniciativa-de-postgrado-en-medicina-familiar-que-lanzo-uninavarra\/"},"wordCount":145,"publisher":{"@id":"https:\/\/uninavarra.edu.co\/#organization"},"image":{"@id":"https:\/\/uninavarra.edu.co\/uncategorized\/secretaria-de-educacion-del-huila-aplaudio-la-iniciativa-de-postgrado-en-medicina-familiar-que-lanzo-uninavarra\/#primaryimage"},"thumbnailUrl":"https:\/\/uninavarra.edu.co\/wp-content\/uploads\/2023\/05\/344264725_898837411205971_5228196657282964488_n-1.jpg","inLanguage":"en-US"},{"@type":"WebPage","@id":"https:\/\/uninavarra.edu.co\/uncategorized\/secretaria-de-educacion-del-huila-aplaudio-la-iniciativa-de-postgrado-en-medicina-familiar-que-lanzo-uninavarra\/","url":"https:\/\/uninavarra.edu.co\/uncategorized\/secretaria-de-educacion-del-huila-aplaudio-la-iniciativa-de-postgrado-en-medicina-familiar-que-lanzo-uninavarra\/","name":"Secretar\u00eda de Educaci\u00f3n del Huila aplaudi\u00f3 la iniciativa de postgrado en Medicina Familiar que lanz\u00f3 Uninavarra - Uninavarra","isPartOf":{"@id":"https:\/\/uninavarra.edu.co\/#website"},"primaryImageOfPage":{"@id":"https:\/\/uninavarra.edu.co\/uncategorized\/secretaria-de-educacion-del-huila-aplaudio-la-iniciativa-de-postgrado-en-medicina-familiar-que-lanzo-uninavarra\/#primaryimage"},"image":{"@id":"https:\/\/uninavarra.edu.co\/uncategorized\/secretaria-de-educacion-del-huila-aplaudio-la-iniciativa-de-postgrado-en-medicina-familiar-que-lanzo-uninavarra\/#primaryimage"},"thumbnailUrl":"https:\/\/uninavarra.edu.co\/wp-content\/uploads\/2023\/05\/344264725_898837411205971_5228196657282964488_n-1.jpg","datePublished":"2023-05-17T15:45:46+00:00","breadcrumb":{"@id":"https:\/\/uninavarra.edu.co\/uncategorized\/secretaria-de-educacion-del-huila-aplaudio-la-iniciativa-de-postgrado-en-medicina-familiar-que-lanzo-uninavarra\/#breadcrumb"},"inLanguage":"en-US","potentialAction":[{"@type":"ReadAction","target":["https:\/\/uninavarra.edu.co\/uncategorized\/secretaria-de-educacion-del-huila-aplaudio-la-iniciativa-de-postgrado-en-medicina-familiar-que-lanzo-uninavarra\/"]}]},{"@type":"ImageObject","inLanguage":"en-US","@id":"https:\/\/uninavarra.edu.co\/uncategorized\/secretaria-de-educacion-del-huila-aplaudio-la-iniciativa-de-postgrado-en-medicina-familiar-que-lanzo-uninavarra\/#primaryimage","url":"https:\/\/uninavarra.edu.co\/wp-content\/uploads\/2023\/05\/344264725_898837411205971_5228196657282964488_n-1.jpg","contentUrl":"https:\/\/uninavarra.edu.co\/wp-content\/uploads\/2023\/05\/344264725_898837411205971_5228196657282964488_n-1.jpg","width":1080,"height":1080,"caption":"Especializacion medicina familiar"},{"@type":"BreadcrumbList","@id":"https:\/\/uninavarra.edu.co\/uncategorized\/secretaria-de-educacion-del-huila-aplaudio-la-iniciativa-de-postgrado-en-medicina-familiar-que-lanzo-uninavarra\/#breadcrumb","itemListElement":[{"@type":"ListItem","position":1,"name":"Home","item":"https:\/\/uninavarra.edu.co\/"},{"@type":"ListItem","position":2,"name":"Secretar\u00eda de Educaci\u00f3n del Huila aplaudi\u00f3 la iniciativa de postgrado en Medicina Familiar que lanz\u00f3 Uninavarra"}]},{"@type":"WebSite","@id":"https:\/\/uninavarra.edu.co\/#website","url":"https:\/\/uninavarra.edu.co\/","name":"UNINAVARRA","description":"Make your desire to learn a reality","publisher":{"@id":"https:\/\/uninavarra.edu.co\/#organization"},"potentialAction":[{"@type":"SearchAction","target":{"@type":"EntryPoint","urlTemplate":"https:\/\/uninavarra.edu.co\/?s={search_term_string}"},"query-input":{"@type":"PropertyValueSpecification","valueRequired":true,"valueName":"search_term_string"}}],"inLanguage":"en-US"},{"@type":"Organization","@id":"https:\/\/uninavarra.edu.co\/#organization","name":"Navarre University Foundation - UNINAVARRA","url":"https:\/\/uninavarra.edu.co\/","logo":{"@type":"ImageObject","inLanguage":"en-US","@id":"https:\/\/uninavarra.edu.co\/#\/schema\/logo\/image\/","url":"https:\/\/uninavarra.edu.co\/wp-content\/uploads\/2024\/06\/Escudo-uninavarra-Solo.png","contentUrl":"https:\/\/uninavarra.edu.co\/wp-content\/uploads\/2024\/06\/Escudo-uninavarra-Solo.png","width":1500,"height":1401,"caption":"Fundaci\u00f3n Universitaria Navarra - UNINAVARRA"},"image":{"@id":"https:\/\/uninavarra.edu.co\/#\/schema\/logo\/image\/"},"sameAs":["https:\/\/www.facebook.com\/UninavarraEduca","https:\/\/x.com\/uninavarraeduca","https:\/\/www.instagram.com\/uninavarra\/?hl=es","https:\/\/www.linkedin.com\/in\/fundacin-universitaria-navarra-uninavarra-b41225222\/"]},{"@type":"Person","@id":"https:\/\/uninavarra.edu.co\/#\/schema\/person\/23524a63845108ea58e4a77307b70418","name":"Webmaster UNINAVARRA","url":"https:\/\/uninavarra.edu.co\/en\/author\/uninavarra1\/"}]}},"_links":{"self":[{"href":"https:\/\/uninavarra.edu.co\/en\/wp-json\/wp\/v2\/posts\/61985","targetHints":{"allow":["GET"]}}],"collection":[{"href":"https:\/\/uninavarra.edu.co\/en\/wp-json\/wp\/v2\/posts"}],"about":[{"href":"https:\/\/uninavarra.edu.co\/en\/wp-json\/wp\/v2\/types\/post"}],"author":[{"embeddable":true,"href":"https:\/\/uninavarra.edu.co\/en\/wp-json\/wp\/v2\/users\/13"}],"replies":[{"embeddable":true,"href":"https:\/\/uninavarra.edu.co\/en\/wp-json\/wp\/v2\/comments?post=61985"}],"version-history":[{"count":0,"href":"https:\/\/uninavarra.edu.co\/en\/wp-json\/wp\/v2\/posts\/61985\/revisions"}],"wp:featuredmedia":[{"embeddable":true,"href":"https:\/\/uninavarra.edu.co\/en\/wp-json\/wp\/v2\/media\/61987"}],"wp:attachment":[{"href":"https:\/\/uninavarra.edu.co\/en\/wp-json\/wp\/v2\/media?parent=61985"}],"wp:term":[{"taxonomy":"category","embeddable":true,"href":"https:\/\/uninavarra.edu.co\/en\/wp-json\/wp\/v2\/categories?post=61985"},{"taxonomy":"post_tag","embeddable":true,"href":"https:\/\/uninavarra.edu.co\/en\/wp-json\/wp\/v2\/tags?post=61985"}],"curies":[{"name":"wp","href":"https:\/\/api.w.org\/{rel}","templated":true}]}}