{"id":49038,"date":"2022-07-26T15:54:58","date_gmt":"2022-07-26T20:54:58","guid":{"rendered":"https:\/\/uninavarra.edu.co\/?p=49038"},"modified":"2022-07-26T17:55:01","modified_gmt":"2022-07-26T22:55:01","slug":"uninavarra-se-prepara-para-su-v-congreso-internacional-de-investigacion-e-innovacion-para-el-desarrollo-sostenible","status":"publish","type":"post","link":"https:\/\/uninavarra.edu.co\/en\/uncategorized\/uninavarra-se-prepara-para-su-v-congreso-internacional-de-investigacion-e-innovacion-para-el-desarrollo-sostenible\/","title":{"rendered":"UNINAVARRA is preparing for its V International Congress on Research and Innovation for Sustainable Development."},"content":{"rendered":"<div class=\"wpb-content-wrapper\"><div class=\"wpb-container\"><div class=\"container\"><div class=\"vc_row wpb_row vc_row-fluid row\"><div class=\"col-sm-12  vc_\">\n\t\t<div class=\"wpb_wrapper\">\n\t\t\t\n\t<div class=\"wpb_text_column wpb_content_element\" >\n\t\t<div class=\"wpb_wrapper\">\n\t\t\t<p style=\"text-align: left;\">From August 23 to 26, will be held in the capital city of Huelva the <a href=\"https:\/\/uninavarra.edu.co\/ciii\/\"><em>V International Congress on Research and Innovation for Sustainable Development<\/em><\/a> organized by UNINAVARRA, in which students and experts of national and international stature will participate offering their research contributions. This event, already positioned in the region, has a successful trajectory thanks to the continuous growth of attendees, speakers and international lecturers.<\/p>\n<p style=\"text-align: left;\">These, through their active and generous assistance, have made it possible to present current research of worldwide impact in southern Colombia.<\/p>\n<p style=\"text-align: left;\">In its 5th version, this congress places the Sustainable Development Goals (SDGs) and the challenges they represent at the center of its interest. Now more than ever, the knowledge community must join forces to determine how science, technology, research and innovation can successfully lead to the achievement of these goals. Be part of this academic and scientific space! Visit the congress website and register: <a href=\"https:\/\/uninavarra.edu.co\/ciii\/\"><em>V International Congress on Research and Innovation for Sustainable Development<\/em>.<\/a><\/p>\n\n\t\t<\/div>\n\t<\/div>\n\n\t\t<\/div> \n\t<\/div><\/div><\/div><\/div><div class=\"wpb-container\"><div class=\"container\"><div class=\"vc_row wpb_row vc_row-fluid row\"><div class=\"col-sm-12  vc_\">\n\t\t<div class=\"wpb_wrapper\">\n\t\t\t<div class=\"wpb_single_image wpb_content_element vc_align_center\">\n\t\t<div class=\"wpb_wrapper\">\n\t\t\t\n\t\t\t<a href=\"#\" target=\"_self\"><img fetchpriority=\"high\" decoding=\"async\" width=\"900\" height=\"900\" src=\"https:\/\/uninavarra.edu.co\/wp-content\/uploads\/2022\/07\/feet-congreso-de-BANNER-CONGRESO-INTENACIONAL-DE-INVESTIGACION-E-INNOVACION-2022-ok-1-1024x1024.jpg\" class=\"vc_box_border_grey attachment-large\" alt=\"\" title=\"feet congreso de BANNER CONGRESO INTENACIONAL DE INVESTIGACION E INNOVACION 2022 ok (1)\" srcset=\"https:\/\/uninavarra.edu.co\/wp-content\/uploads\/2022\/07\/feet-congreso-de-BANNER-CONGRESO-INTENACIONAL-DE-INVESTIGACION-E-INNOVACION-2022-ok-1-1024x1024.jpg 1024w, https:\/\/uninavarra.edu.co\/wp-content\/uploads\/2022\/07\/feet-congreso-de-BANNER-CONGRESO-INTENACIONAL-DE-INVESTIGACION-E-INNOVACION-2022-ok-1-150x150.jpg 150w, https:\/\/uninavarra.edu.co\/wp-content\/uploads\/2022\/07\/feet-congreso-de-BANNER-CONGRESO-INTENACIONAL-DE-INVESTIGACION-E-INNOVACION-2022-ok-1-300x300.jpg 300w, https:\/\/uninavarra.edu.co\/wp-content\/uploads\/2022\/07\/feet-congreso-de-BANNER-CONGRESO-INTENACIONAL-DE-INVESTIGACION-E-INNOVACION-2022-ok-1-768x768.jpg 768w, https:\/\/uninavarra.edu.co\/wp-content\/uploads\/2022\/07\/feet-congreso-de-BANNER-CONGRESO-INTENACIONAL-DE-INVESTIGACION-E-INNOVACION-2022-ok-1-1536x1536.jpg 1536w, https:\/\/uninavarra.edu.co\/wp-content\/uploads\/2022\/07\/feet-congreso-de-BANNER-CONGRESO-INTENACIONAL-DE-INVESTIGACION-E-INNOVACION-2022-ok-1-2048x2048.jpg 2048w\" sizes=\"(max-width: 900px) 100vw, 900px\" \/><\/a>\n\t\t<\/div> \n\t<\/div>\n\t\t<\/div> \n\t<\/div><\/div><\/div><\/div>\n<\/div>","protected":false},"excerpt":{"rendered":"Del 23 al 26 de agosto, tendr\u00e1 lugar en la capital huilense el V Congreso Internacional de Investigaci\u00f3n e Innovaci\u00f3n para el desarrollo sostenible organizado por UNINAVARRA, en que estudiantes [...]","protected":false},"author":13,"featured_media":49055,"comment_status":"closed","ping_status":"open","sticky":false,"template":"","format":"standard","meta":{"footnotes":""},"categories":[1],"tags":[],"class_list":["post-49038","post","type-post","status-publish","format-standard","has-post-thumbnail","hentry","category-uncategorized"],"yoast_head":"<!-- This site is optimized with the Yoast SEO plugin v27.4 - https:\/\/yoast.com\/product\/yoast-seo-wordpress\/ -->\n<title>UNINAVARRA se prepara para su V Congreso Internacional de Investigaci\u00f3n e Innovaci\u00f3n para el desarrollo sostenible. - Uninavarra<\/title>\n<meta name=\"robots\" content=\"index, follow, max-snippet:-1, max-image-preview:large, max-video-preview:-1\" \/>\n<link rel=\"canonical\" href=\"https:\/\/uninavarra.edu.co\/en\/uncategorized\/uninavarra-se-prepara-para-su-v-congreso-internacional-de-investigacion-e-innovacion-para-el-desarrollo-sostenible\/\" \/>\n<meta property=\"og:locale\" content=\"en_US\" \/>\n<meta property=\"og:type\" content=\"article\" \/>\n<meta property=\"og:title\" content=\"UNINAVARRA se prepara para su V Congreso Internacional de Investigaci\u00f3n e Innovaci\u00f3n para el desarrollo sostenible. - Uninavarra\" \/>\n<meta property=\"og:url\" content=\"https:\/\/uninavarra.edu.co\/en\/uncategorized\/uninavarra-se-prepara-para-su-v-congreso-internacional-de-investigacion-e-innovacion-para-el-desarrollo-sostenible\/\" \/>\n<meta property=\"og:site_name\" content=\"Uninavarra\" \/>\n<meta property=\"article:publisher\" content=\"https:\/\/www.facebook.com\/UninavarraEduca\" \/>\n<meta property=\"article:published_time\" content=\"2022-07-26T20:54:58+00:00\" \/>\n<meta property=\"article:modified_time\" content=\"2022-07-26T22:55:01+00:00\" \/>\n<meta property=\"og:image\" content=\"https:\/\/uninavarra.edu.co\/wp-content\/uploads\/2022\/07\/feet-congreso-de-BANNER-CONGRESO-INTENACIONAL-DE-INVESTIGACION-E-INNOVACION-2022-ok-1-scaled.jpg\" \/>\n\t<meta property=\"og:image:width\" content=\"3150\" \/>\n\t<meta property=\"og:image:height\" content=\"3150\" \/>\n\t<meta property=\"og:image:type\" content=\"image\/jpeg\" \/>\n<meta name=\"author\" content=\"Webmaster UNINAVARRA\" \/>\n<meta name=\"twitter:card\" content=\"summary_large_image\" \/>\n<meta name=\"twitter:creator\" content=\"@uninavarraeduca\" \/>\n<meta name=\"twitter:site\" content=\"@uninavarraeduca\" \/>\n<meta name=\"twitter:label1\" content=\"Written by\" \/>\n\t<meta name=\"twitter:data1\" content=\"Webmaster UNINAVARRA\" \/>\n\t<meta name=\"twitter:label2\" content=\"Est. reading time\" \/>\n\t<meta name=\"twitter:data2\" content=\"1 minute\" \/>\n<script type=\"application\/ld+json\" class=\"yoast-schema-graph\">{\"@context\":\"https:\\\/\\\/schema.org\",\"@graph\":[{\"@type\":\"Article\",\"@id\":\"https:\\\/\\\/uninavarra.edu.co\\\/uncategorized\\\/uninavarra-se-prepara-para-su-v-congreso-internacional-de-investigacion-e-innovacion-para-el-desarrollo-sostenible\\\/#article\",\"isPartOf\":{\"@id\":\"https:\\\/\\\/uninavarra.edu.co\\\/uncategorized\\\/uninavarra-se-prepara-para-su-v-congreso-internacional-de-investigacion-e-innovacion-para-el-desarrollo-sostenible\\\/\"},\"author\":{\"name\":\"Webmaster UNINAVARRA\",\"@id\":\"https:\\\/\\\/uninavarra.edu.co\\\/#\\\/schema\\\/person\\\/23524a63845108ea58e4a77307b70418\"},\"headline\":\"UNINAVARRA se prepara para su V Congreso Internacional de Investigaci\u00f3n e Innovaci\u00f3n para el desarrollo sostenible.\",\"datePublished\":\"2022-07-26T20:54:58+00:00\",\"dateModified\":\"2022-07-26T22:55:01+00:00\",\"mainEntityOfPage\":{\"@id\":\"https:\\\/\\\/uninavarra.edu.co\\\/uncategorized\\\/uninavarra-se-prepara-para-su-v-congreso-internacional-de-investigacion-e-innovacion-para-el-desarrollo-sostenible\\\/\"},\"wordCount\":236,\"publisher\":{\"@id\":\"https:\\\/\\\/uninavarra.edu.co\\\/#organization\"},\"image\":{\"@id\":\"https:\\\/\\\/uninavarra.edu.co\\\/uncategorized\\\/uninavarra-se-prepara-para-su-v-congreso-internacional-de-investigacion-e-innovacion-para-el-desarrollo-sostenible\\\/#primaryimage\"},\"thumbnailUrl\":\"https:\\\/\\\/uninavarra.edu.co\\\/wp-content\\\/uploads\\\/2022\\\/07\\\/feet-congreso-de-BANNER-CONGRESO-INTENACIONAL-DE-INVESTIGACION-E-INNOVACION-2022-ok-1-scaled.jpg\",\"inLanguage\":\"en-US\"},{\"@type\":\"WebPage\",\"@id\":\"https:\\\/\\\/uninavarra.edu.co\\\/uncategorized\\\/uninavarra-se-prepara-para-su-v-congreso-internacional-de-investigacion-e-innovacion-para-el-desarrollo-sostenible\\\/\",\"url\":\"https:\\\/\\\/uninavarra.edu.co\\\/uncategorized\\\/uninavarra-se-prepara-para-su-v-congreso-internacional-de-investigacion-e-innovacion-para-el-desarrollo-sostenible\\\/\",\"name\":\"UNINAVARRA se prepara para su V Congreso Internacional de Investigaci\u00f3n e Innovaci\u00f3n para el desarrollo sostenible. - Uninavarra\",\"isPartOf\":{\"@id\":\"https:\\\/\\\/uninavarra.edu.co\\\/#website\"},\"primaryImageOfPage\":{\"@id\":\"https:\\\/\\\/uninavarra.edu.co\\\/uncategorized\\\/uninavarra-se-prepara-para-su-v-congreso-internacional-de-investigacion-e-innovacion-para-el-desarrollo-sostenible\\\/#primaryimage\"},\"image\":{\"@id\":\"https:\\\/\\\/uninavarra.edu.co\\\/uncategorized\\\/uninavarra-se-prepara-para-su-v-congreso-internacional-de-investigacion-e-innovacion-para-el-desarrollo-sostenible\\\/#primaryimage\"},\"thumbnailUrl\":\"https:\\\/\\\/uninavarra.edu.co\\\/wp-content\\\/uploads\\\/2022\\\/07\\\/feet-congreso-de-BANNER-CONGRESO-INTENACIONAL-DE-INVESTIGACION-E-INNOVACION-2022-ok-1-scaled.jpg\",\"datePublished\":\"2022-07-26T20:54:58+00:00\",\"dateModified\":\"2022-07-26T22:55:01+00:00\",\"breadcrumb\":{\"@id\":\"https:\\\/\\\/uninavarra.edu.co\\\/uncategorized\\\/uninavarra-se-prepara-para-su-v-congreso-internacional-de-investigacion-e-innovacion-para-el-desarrollo-sostenible\\\/#breadcrumb\"},\"inLanguage\":\"en-US\",\"potentialAction\":[{\"@type\":\"ReadAction\",\"target\":[\"https:\\\/\\\/uninavarra.edu.co\\\/uncategorized\\\/uninavarra-se-prepara-para-su-v-congreso-internacional-de-investigacion-e-innovacion-para-el-desarrollo-sostenible\\\/\"]}]},{\"@type\":\"ImageObject\",\"inLanguage\":\"en-US\",\"@id\":\"https:\\\/\\\/uninavarra.edu.co\\\/uncategorized\\\/uninavarra-se-prepara-para-su-v-congreso-internacional-de-investigacion-e-innovacion-para-el-desarrollo-sostenible\\\/#primaryimage\",\"url\":\"https:\\\/\\\/uninavarra.edu.co\\\/wp-content\\\/uploads\\\/2022\\\/07\\\/feet-congreso-de-BANNER-CONGRESO-INTENACIONAL-DE-INVESTIGACION-E-INNOVACION-2022-ok-1-scaled.jpg\",\"contentUrl\":\"https:\\\/\\\/uninavarra.edu.co\\\/wp-content\\\/uploads\\\/2022\\\/07\\\/feet-congreso-de-BANNER-CONGRESO-INTENACIONAL-DE-INVESTIGACION-E-INNOVACION-2022-ok-1-scaled.jpg\",\"width\":3150,\"height\":3150},{\"@type\":\"BreadcrumbList\",\"@id\":\"https:\\\/\\\/uninavarra.edu.co\\\/uncategorized\\\/uninavarra-se-prepara-para-su-v-congreso-internacional-de-investigacion-e-innovacion-para-el-desarrollo-sostenible\\\/#breadcrumb\",\"itemListElement\":[{\"@type\":\"ListItem\",\"position\":1,\"name\":\"Home\",\"item\":\"https:\\\/\\\/uninavarra.edu.co\\\/\"},{\"@type\":\"ListItem\",\"position\":2,\"name\":\"UNINAVARRA se prepara para su V Congreso Internacional de Investigaci\u00f3n e Innovaci\u00f3n para el desarrollo sostenible.\"}]},{\"@type\":\"WebSite\",\"@id\":\"https:\\\/\\\/uninavarra.edu.co\\\/#website\",\"url\":\"https:\\\/\\\/uninavarra.edu.co\\\/\",\"name\":\"UNINAVARRA\",\"description\":\"Haz realidad tu deseo de aprender\",\"publisher\":{\"@id\":\"https:\\\/\\\/uninavarra.edu.co\\\/#organization\"},\"potentialAction\":[{\"@type\":\"SearchAction\",\"target\":{\"@type\":\"EntryPoint\",\"urlTemplate\":\"https:\\\/\\\/uninavarra.edu.co\\\/?s={search_term_string}\"},\"query-input\":{\"@type\":\"PropertyValueSpecification\",\"valueRequired\":true,\"valueName\":\"search_term_string\"}}],\"inLanguage\":\"en-US\"},{\"@type\":\"Organization\",\"@id\":\"https:\\\/\\\/uninavarra.edu.co\\\/#organization\",\"name\":\"Fundaci\u00f3n Universitaria Navarra - UNINAVARRA\",\"url\":\"https:\\\/\\\/uninavarra.edu.co\\\/\",\"logo\":{\"@type\":\"ImageObject\",\"inLanguage\":\"en-US\",\"@id\":\"https:\\\/\\\/uninavarra.edu.co\\\/#\\\/schema\\\/logo\\\/image\\\/\",\"url\":\"https:\\\/\\\/uninavarra.edu.co\\\/wp-content\\\/uploads\\\/2024\\\/06\\\/Escudo-uninavarra-Solo.png\",\"contentUrl\":\"https:\\\/\\\/uninavarra.edu.co\\\/wp-content\\\/uploads\\\/2024\\\/06\\\/Escudo-uninavarra-Solo.png\",\"width\":1500,\"height\":1401,\"caption\":\"Fundaci\u00f3n Universitaria Navarra - UNINAVARRA\"},\"image\":{\"@id\":\"https:\\\/\\\/uninavarra.edu.co\\\/#\\\/schema\\\/logo\\\/image\\\/\"},\"sameAs\":[\"https:\\\/\\\/www.facebook.com\\\/UninavarraEduca\",\"https:\\\/\\\/x.com\\\/uninavarraeduca\",\"https:\\\/\\\/www.instagram.com\\\/uninavarra\\\/?hl=es\",\"https:\\\/\\\/www.linkedin.com\\\/in\\\/fundacin-universitaria-navarra-uninavarra-b41225222\\\/\"]},{\"@type\":\"Person\",\"@id\":\"https:\\\/\\\/uninavarra.edu.co\\\/#\\\/schema\\\/person\\\/23524a63845108ea58e4a77307b70418\",\"name\":\"Webmaster UNINAVARRA\",\"url\":\"https:\\\/\\\/uninavarra.edu.co\\\/en\\\/author\\\/uninavarra1\\\/\"}]}<\/script>\n<!-- \/ Yoast SEO plugin. -->","yoast_head_json":{"title":"UNINAVARRA se prepara para su V Congreso Internacional de Investigaci\u00f3n e Innovaci\u00f3n para el desarrollo sostenible. - Uninavarra","robots":{"index":"index","follow":"follow","max-snippet":"max-snippet:-1","max-image-preview":"max-image-preview:large","max-video-preview":"max-video-preview:-1"},"canonical":"https:\/\/uninavarra.edu.co\/en\/uncategorized\/uninavarra-se-prepara-para-su-v-congreso-internacional-de-investigacion-e-innovacion-para-el-desarrollo-sostenible\/","og_locale":"en_US","og_type":"article","og_title":"UNINAVARRA se prepara para su V Congreso Internacional de Investigaci\u00f3n e Innovaci\u00f3n para el desarrollo sostenible. - Uninavarra","og_url":"https:\/\/uninavarra.edu.co\/en\/uncategorized\/uninavarra-se-prepara-para-su-v-congreso-internacional-de-investigacion-e-innovacion-para-el-desarrollo-sostenible\/","og_site_name":"Uninavarra","article_publisher":"https:\/\/www.facebook.com\/UninavarraEduca","article_published_time":"2022-07-26T20:54:58+00:00","article_modified_time":"2022-07-26T22:55:01+00:00","og_image":[{"width":3150,"height":3150,"url":"https:\/\/uninavarra.edu.co\/wp-content\/uploads\/2022\/07\/feet-congreso-de-BANNER-CONGRESO-INTENACIONAL-DE-INVESTIGACION-E-INNOVACION-2022-ok-1-scaled.jpg","type":"image\/jpeg"}],"author":"Webmaster UNINAVARRA","twitter_card":"summary_large_image","twitter_creator":"@uninavarraeduca","twitter_site":"@uninavarraeduca","twitter_misc":{"Written by":"Webmaster UNINAVARRA","Est. reading time":"1 minute"},"schema":{"@context":"https:\/\/schema.org","@graph":[{"@type":"Article","@id":"https:\/\/uninavarra.edu.co\/uncategorized\/uninavarra-se-prepara-para-su-v-congreso-internacional-de-investigacion-e-innovacion-para-el-desarrollo-sostenible\/#article","isPartOf":{"@id":"https:\/\/uninavarra.edu.co\/uncategorized\/uninavarra-se-prepara-para-su-v-congreso-internacional-de-investigacion-e-innovacion-para-el-desarrollo-sostenible\/"},"author":{"name":"Webmaster UNINAVARRA","@id":"https:\/\/uninavarra.edu.co\/#\/schema\/person\/23524a63845108ea58e4a77307b70418"},"headline":"UNINAVARRA se prepara para su V Congreso Internacional de Investigaci\u00f3n e Innovaci\u00f3n para el desarrollo sostenible.","datePublished":"2022-07-26T20:54:58+00:00","dateModified":"2022-07-26T22:55:01+00:00","mainEntityOfPage":{"@id":"https:\/\/uninavarra.edu.co\/uncategorized\/uninavarra-se-prepara-para-su-v-congreso-internacional-de-investigacion-e-innovacion-para-el-desarrollo-sostenible\/"},"wordCount":236,"publisher":{"@id":"https:\/\/uninavarra.edu.co\/#organization"},"image":{"@id":"https:\/\/uninavarra.edu.co\/uncategorized\/uninavarra-se-prepara-para-su-v-congreso-internacional-de-investigacion-e-innovacion-para-el-desarrollo-sostenible\/#primaryimage"},"thumbnailUrl":"https:\/\/uninavarra.edu.co\/wp-content\/uploads\/2022\/07\/feet-congreso-de-BANNER-CONGRESO-INTENACIONAL-DE-INVESTIGACION-E-INNOVACION-2022-ok-1-scaled.jpg","inLanguage":"en-US"},{"@type":"WebPage","@id":"https:\/\/uninavarra.edu.co\/uncategorized\/uninavarra-se-prepara-para-su-v-congreso-internacional-de-investigacion-e-innovacion-para-el-desarrollo-sostenible\/","url":"https:\/\/uninavarra.edu.co\/uncategorized\/uninavarra-se-prepara-para-su-v-congreso-internacional-de-investigacion-e-innovacion-para-el-desarrollo-sostenible\/","name":"UNINAVARRA se prepara para su V Congreso Internacional de Investigaci\u00f3n e Innovaci\u00f3n para el desarrollo sostenible. - Uninavarra","isPartOf":{"@id":"https:\/\/uninavarra.edu.co\/#website"},"primaryImageOfPage":{"@id":"https:\/\/uninavarra.edu.co\/uncategorized\/uninavarra-se-prepara-para-su-v-congreso-internacional-de-investigacion-e-innovacion-para-el-desarrollo-sostenible\/#primaryimage"},"image":{"@id":"https:\/\/uninavarra.edu.co\/uncategorized\/uninavarra-se-prepara-para-su-v-congreso-internacional-de-investigacion-e-innovacion-para-el-desarrollo-sostenible\/#primaryimage"},"thumbnailUrl":"https:\/\/uninavarra.edu.co\/wp-content\/uploads\/2022\/07\/feet-congreso-de-BANNER-CONGRESO-INTENACIONAL-DE-INVESTIGACION-E-INNOVACION-2022-ok-1-scaled.jpg","datePublished":"2022-07-26T20:54:58+00:00","dateModified":"2022-07-26T22:55:01+00:00","breadcrumb":{"@id":"https:\/\/uninavarra.edu.co\/uncategorized\/uninavarra-se-prepara-para-su-v-congreso-internacional-de-investigacion-e-innovacion-para-el-desarrollo-sostenible\/#breadcrumb"},"inLanguage":"en-US","potentialAction":[{"@type":"ReadAction","target":["https:\/\/uninavarra.edu.co\/uncategorized\/uninavarra-se-prepara-para-su-v-congreso-internacional-de-investigacion-e-innovacion-para-el-desarrollo-sostenible\/"]}]},{"@type":"ImageObject","inLanguage":"en-US","@id":"https:\/\/uninavarra.edu.co\/uncategorized\/uninavarra-se-prepara-para-su-v-congreso-internacional-de-investigacion-e-innovacion-para-el-desarrollo-sostenible\/#primaryimage","url":"https:\/\/uninavarra.edu.co\/wp-content\/uploads\/2022\/07\/feet-congreso-de-BANNER-CONGRESO-INTENACIONAL-DE-INVESTIGACION-E-INNOVACION-2022-ok-1-scaled.jpg","contentUrl":"https:\/\/uninavarra.edu.co\/wp-content\/uploads\/2022\/07\/feet-congreso-de-BANNER-CONGRESO-INTENACIONAL-DE-INVESTIGACION-E-INNOVACION-2022-ok-1-scaled.jpg","width":3150,"height":3150},{"@type":"BreadcrumbList","@id":"https:\/\/uninavarra.edu.co\/uncategorized\/uninavarra-se-prepara-para-su-v-congreso-internacional-de-investigacion-e-innovacion-para-el-desarrollo-sostenible\/#breadcrumb","itemListElement":[{"@type":"ListItem","position":1,"name":"Home","item":"https:\/\/uninavarra.edu.co\/"},{"@type":"ListItem","position":2,"name":"UNINAVARRA se prepara para su V Congreso Internacional de Investigaci\u00f3n e Innovaci\u00f3n para el desarrollo sostenible."}]},{"@type":"WebSite","@id":"https:\/\/uninavarra.edu.co\/#website","url":"https:\/\/uninavarra.edu.co\/","name":"UNINAVARRA","description":"Make your desire to learn a reality","publisher":{"@id":"https:\/\/uninavarra.edu.co\/#organization"},"potentialAction":[{"@type":"SearchAction","target":{"@type":"EntryPoint","urlTemplate":"https:\/\/uninavarra.edu.co\/?s={search_term_string}"},"query-input":{"@type":"PropertyValueSpecification","valueRequired":true,"valueName":"search_term_string"}}],"inLanguage":"en-US"},{"@type":"Organization","@id":"https:\/\/uninavarra.edu.co\/#organization","name":"Navarre University Foundation - UNINAVARRA","url":"https:\/\/uninavarra.edu.co\/","logo":{"@type":"ImageObject","inLanguage":"en-US","@id":"https:\/\/uninavarra.edu.co\/#\/schema\/logo\/image\/","url":"https:\/\/uninavarra.edu.co\/wp-content\/uploads\/2024\/06\/Escudo-uninavarra-Solo.png","contentUrl":"https:\/\/uninavarra.edu.co\/wp-content\/uploads\/2024\/06\/Escudo-uninavarra-Solo.png","width":1500,"height":1401,"caption":"Fundaci\u00f3n Universitaria Navarra - UNINAVARRA"},"image":{"@id":"https:\/\/uninavarra.edu.co\/#\/schema\/logo\/image\/"},"sameAs":["https:\/\/www.facebook.com\/UninavarraEduca","https:\/\/x.com\/uninavarraeduca","https:\/\/www.instagram.com\/uninavarra\/?hl=es","https:\/\/www.linkedin.com\/in\/fundacin-universitaria-navarra-uninavarra-b41225222\/"]},{"@type":"Person","@id":"https:\/\/uninavarra.edu.co\/#\/schema\/person\/23524a63845108ea58e4a77307b70418","name":"Webmaster UNINAVARRA","url":"https:\/\/uninavarra.edu.co\/en\/author\/uninavarra1\/"}]}},"_links":{"self":[{"href":"https:\/\/uninavarra.edu.co\/en\/wp-json\/wp\/v2\/posts\/49038","targetHints":{"allow":["GET"]}}],"collection":[{"href":"https:\/\/uninavarra.edu.co\/en\/wp-json\/wp\/v2\/posts"}],"about":[{"href":"https:\/\/uninavarra.edu.co\/en\/wp-json\/wp\/v2\/types\/post"}],"author":[{"embeddable":true,"href":"https:\/\/uninavarra.edu.co\/en\/wp-json\/wp\/v2\/users\/13"}],"replies":[{"embeddable":true,"href":"https:\/\/uninavarra.edu.co\/en\/wp-json\/wp\/v2\/comments?post=49038"}],"version-history":[{"count":0,"href":"https:\/\/uninavarra.edu.co\/en\/wp-json\/wp\/v2\/posts\/49038\/revisions"}],"wp:featuredmedia":[{"embeddable":true,"href":"https:\/\/uninavarra.edu.co\/en\/wp-json\/wp\/v2\/media\/49055"}],"wp:attachment":[{"href":"https:\/\/uninavarra.edu.co\/en\/wp-json\/wp\/v2\/media?parent=49038"}],"wp:term":[{"taxonomy":"category","embeddable":true,"href":"https:\/\/uninavarra.edu.co\/en\/wp-json\/wp\/v2\/categories?post=49038"},{"taxonomy":"post_tag","embeddable":true,"href":"https:\/\/uninavarra.edu.co\/en\/wp-json\/wp\/v2\/tags?post=49038"}],"curies":[{"name":"wp","href":"https:\/\/api.w.org\/{rel}","templated":true}]}}