{"id":20159,"date":"2019-10-19T10:47:50","date_gmt":"2019-10-19T15:47:50","guid":{"rendered":"https:\/\/uninavarra.edu.co\/?p=20159"},"modified":"2019-10-19T10:48:57","modified_gmt":"2019-10-19T15:48:57","slug":"uninavarra-participa-en-staff-week-italia","status":"publish","type":"post","link":"https:\/\/uninavarra.edu.co\/en\/uncategorized\/uninavarra-participa-en-staff-week-italia\/","title":{"rendered":"UNINAVARRA participates in Staff Week - Italy"},"content":{"rendered":"<div class=\"wpb-content-wrapper\"><div class=\"wpb-container \"><div class=\"container\"><div class=\"vc_row wpb_row vc_row-fluid row \"><div class=\"col-sm-12  vc_\">\n\t\t<div class=\"wpb_wrapper \">\n\t\t\t\n\t<div class=\"wpb_text_column wpb_content_element\" >\n\t\t<div class=\"wpb_wrapper\">\n\t\t\t<h2 style=\"text-align: center;\">UNINAVARRA participa en Staff Week &#8211; Italia<\/h2>\n<p style=\"text-align: justify;\">UNINAVARRA Instituci\u00f3n de Educaci\u00f3n Superior aliada de la Universidad de Roma La Sapienza \u2013 Italia, fue una de las treinta Instituciones de veinte pa\u00edses del mundo, seleccionada para participar en el evento Staff Week, siendo la \u00fanica IES participante de Colombia, representada por su Director de Cooperaci\u00f3n Internacional, Nicol\u00e1s Navarro Zuluaga.<\/p>\n<p style=\"text-align: justify;\">Este evento re\u00fane a Directivos y acad\u00e9micos a nivel internacional para dar a conocer informaci\u00f3n sobre la gesti\u00f3n de algunos subprogramas espec\u00edficos de becas Erasmus +, compartir historias de \u00e9xito y buenas pr\u00e1cticas de internacionalizaci\u00f3n de la educaci\u00f3n superior.<\/p>\n<p style=\"text-align: justify;\">Esta experiencia contribuye a la visibilidad de UNINAVARRA en el \u00e1mbito internacional, al cumplimiento de su Pol\u00edtica de Internacionalizaci\u00f3n UNINAVARRA de Cara al Mundo, al fortalecimiento de los convenios suscritos con La Sapienza, a la identificaci\u00f3n de nuevas oportunidades de trabajo conjunto y al mejoramiento continuo de su proceso de Cooperaci\u00f3n Internacional.<\/p>\n\n\t\t<\/div>\n\t<\/div>\n\n\t\t<\/div> \n\t<\/div><\/div><\/div><\/div><div class=\"wpb-container \"><div class=\"container\"><div class=\"vc_row wpb_row vc_row-fluid row \"><div class=\"col-sm-12  vc_\">\n\t\t<div class=\"wpb_wrapper \">\n\t\t\t\n\t<div class=\"wpb_text_column wpb_content_element\" >\n\t\t<div class=\"wpb_wrapper\">\n\t\t\t<p>[wds id=&#8221;3&#8243;]<\/p>\n\n\t\t<\/div>\n\t<\/div>\n\n\t\t<\/div> \n\t<\/div><\/div><\/div><\/div>\n<\/div>","protected":false},"excerpt":{"rendered":"UNINAVARRA participa en Staff Week - Italia UNINAVARRA Instituci\u00f3n de Educaci\u00f3n Superior aliada de la Universidad de Roma La Sapienza \u2013 Italia, fue una de las treinta Instituciones de veinte [...]","protected":false},"author":7,"featured_media":20160,"comment_status":"closed","ping_status":"open","sticky":false,"template":"","format":"standard","meta":{"footnotes":""},"categories":[1],"tags":[],"class_list":["post-20159","post","type-post","status-publish","format-standard","has-post-thumbnail","hentry","category-uncategorized"],"yoast_head":"<!-- This site is optimized with the Yoast SEO plugin v27.4 - https:\/\/yoast.com\/product\/yoast-seo-wordpress\/ -->\n<title>UNINAVARRA participa en Staff Week - Italia - Uninavarra<\/title>\n<meta name=\"robots\" content=\"index, follow, max-snippet:-1, max-image-preview:large, max-video-preview:-1\" \/>\n<link rel=\"canonical\" href=\"https:\/\/uninavarra.edu.co\/en\/uncategorized\/uninavarra-participa-en-staff-week-italia\/\" \/>\n<meta property=\"og:locale\" content=\"en_US\" \/>\n<meta property=\"og:type\" content=\"article\" \/>\n<meta property=\"og:title\" content=\"UNINAVARRA participa en Staff Week - Italia - Uninavarra\" \/>\n<meta property=\"og:url\" content=\"https:\/\/uninavarra.edu.co\/en\/uncategorized\/uninavarra-participa-en-staff-week-italia\/\" \/>\n<meta property=\"og:site_name\" content=\"Uninavarra\" \/>\n<meta property=\"article:publisher\" content=\"https:\/\/www.facebook.com\/UninavarraEduca\" \/>\n<meta property=\"article:published_time\" content=\"2019-10-19T15:47:50+00:00\" \/>\n<meta property=\"article:modified_time\" content=\"2019-10-19T15:48:57+00:00\" \/>\n<meta property=\"og:image\" content=\"https:\/\/uninavarra.edu.co\/wp-content\/uploads\/2019\/10\/roma.jpg\" \/>\n\t<meta property=\"og:image:width\" content=\"1299\" \/>\n\t<meta property=\"og:image:height\" content=\"725\" \/>\n\t<meta property=\"og:image:type\" content=\"image\/jpeg\" \/>\n<meta name=\"author\" content=\"Uninavarra\" \/>\n<meta name=\"twitter:card\" content=\"summary_large_image\" \/>\n<meta name=\"twitter:creator\" content=\"@uninavarraeduca\" \/>\n<meta name=\"twitter:site\" content=\"@uninavarraeduca\" \/>\n<meta name=\"twitter:label1\" content=\"Written by\" \/>\n\t<meta name=\"twitter:data1\" content=\"Uninavarra\" \/>\n\t<meta name=\"twitter:label2\" content=\"Est. reading time\" \/>\n\t<meta name=\"twitter:data2\" content=\"1 minute\" \/>\n<script type=\"application\/ld+json\" class=\"yoast-schema-graph\">{\"@context\":\"https:\\\/\\\/schema.org\",\"@graph\":[{\"@type\":\"Article\",\"@id\":\"https:\\\/\\\/uninavarra.edu.co\\\/uncategorized\\\/uninavarra-participa-en-staff-week-italia\\\/#article\",\"isPartOf\":{\"@id\":\"https:\\\/\\\/uninavarra.edu.co\\\/uncategorized\\\/uninavarra-participa-en-staff-week-italia\\\/\"},\"author\":{\"name\":\"Uninavarra\",\"@id\":\"https:\\\/\\\/uninavarra.edu.co\\\/#\\\/schema\\\/person\\\/a2a49cdf058bd604cc8f8095308fd1ce\"},\"headline\":\"UNINAVARRA participa en Staff Week &#8211; Italia\",\"datePublished\":\"2019-10-19T15:47:50+00:00\",\"dateModified\":\"2019-10-19T15:48:57+00:00\",\"mainEntityOfPage\":{\"@id\":\"https:\\\/\\\/uninavarra.edu.co\\\/uncategorized\\\/uninavarra-participa-en-staff-week-italia\\\/\"},\"wordCount\":201,\"publisher\":{\"@id\":\"https:\\\/\\\/uninavarra.edu.co\\\/#organization\"},\"image\":{\"@id\":\"https:\\\/\\\/uninavarra.edu.co\\\/uncategorized\\\/uninavarra-participa-en-staff-week-italia\\\/#primaryimage\"},\"thumbnailUrl\":\"https:\\\/\\\/uninavarra.edu.co\\\/wp-content\\\/uploads\\\/2019\\\/10\\\/roma.jpg\",\"inLanguage\":\"en-US\"},{\"@type\":\"WebPage\",\"@id\":\"https:\\\/\\\/uninavarra.edu.co\\\/uncategorized\\\/uninavarra-participa-en-staff-week-italia\\\/\",\"url\":\"https:\\\/\\\/uninavarra.edu.co\\\/uncategorized\\\/uninavarra-participa-en-staff-week-italia\\\/\",\"name\":\"UNINAVARRA participa en Staff Week - Italia - Uninavarra\",\"isPartOf\":{\"@id\":\"https:\\\/\\\/uninavarra.edu.co\\\/#website\"},\"primaryImageOfPage\":{\"@id\":\"https:\\\/\\\/uninavarra.edu.co\\\/uncategorized\\\/uninavarra-participa-en-staff-week-italia\\\/#primaryimage\"},\"image\":{\"@id\":\"https:\\\/\\\/uninavarra.edu.co\\\/uncategorized\\\/uninavarra-participa-en-staff-week-italia\\\/#primaryimage\"},\"thumbnailUrl\":\"https:\\\/\\\/uninavarra.edu.co\\\/wp-content\\\/uploads\\\/2019\\\/10\\\/roma.jpg\",\"datePublished\":\"2019-10-19T15:47:50+00:00\",\"dateModified\":\"2019-10-19T15:48:57+00:00\",\"breadcrumb\":{\"@id\":\"https:\\\/\\\/uninavarra.edu.co\\\/uncategorized\\\/uninavarra-participa-en-staff-week-italia\\\/#breadcrumb\"},\"inLanguage\":\"en-US\",\"potentialAction\":[{\"@type\":\"ReadAction\",\"target\":[\"https:\\\/\\\/uninavarra.edu.co\\\/uncategorized\\\/uninavarra-participa-en-staff-week-italia\\\/\"]}]},{\"@type\":\"ImageObject\",\"inLanguage\":\"en-US\",\"@id\":\"https:\\\/\\\/uninavarra.edu.co\\\/uncategorized\\\/uninavarra-participa-en-staff-week-italia\\\/#primaryimage\",\"url\":\"https:\\\/\\\/uninavarra.edu.co\\\/wp-content\\\/uploads\\\/2019\\\/10\\\/roma.jpg\",\"contentUrl\":\"https:\\\/\\\/uninavarra.edu.co\\\/wp-content\\\/uploads\\\/2019\\\/10\\\/roma.jpg\",\"width\":1299,\"height\":725},{\"@type\":\"BreadcrumbList\",\"@id\":\"https:\\\/\\\/uninavarra.edu.co\\\/uncategorized\\\/uninavarra-participa-en-staff-week-italia\\\/#breadcrumb\",\"itemListElement\":[{\"@type\":\"ListItem\",\"position\":1,\"name\":\"Home\",\"item\":\"https:\\\/\\\/uninavarra.edu.co\\\/\"},{\"@type\":\"ListItem\",\"position\":2,\"name\":\"UNINAVARRA participa en Staff Week &#8211; Italia\"}]},{\"@type\":\"WebSite\",\"@id\":\"https:\\\/\\\/uninavarra.edu.co\\\/#website\",\"url\":\"https:\\\/\\\/uninavarra.edu.co\\\/\",\"name\":\"UNINAVARRA\",\"description\":\"Haz realidad tu deseo de aprender\",\"publisher\":{\"@id\":\"https:\\\/\\\/uninavarra.edu.co\\\/#organization\"},\"potentialAction\":[{\"@type\":\"SearchAction\",\"target\":{\"@type\":\"EntryPoint\",\"urlTemplate\":\"https:\\\/\\\/uninavarra.edu.co\\\/?s={search_term_string}\"},\"query-input\":{\"@type\":\"PropertyValueSpecification\",\"valueRequired\":true,\"valueName\":\"search_term_string\"}}],\"inLanguage\":\"en-US\"},{\"@type\":\"Organization\",\"@id\":\"https:\\\/\\\/uninavarra.edu.co\\\/#organization\",\"name\":\"Fundaci\u00f3n Universitaria Navarra - UNINAVARRA\",\"url\":\"https:\\\/\\\/uninavarra.edu.co\\\/\",\"logo\":{\"@type\":\"ImageObject\",\"inLanguage\":\"en-US\",\"@id\":\"https:\\\/\\\/uninavarra.edu.co\\\/#\\\/schema\\\/logo\\\/image\\\/\",\"url\":\"https:\\\/\\\/uninavarra.edu.co\\\/wp-content\\\/uploads\\\/2024\\\/06\\\/Escudo-uninavarra-Solo.png\",\"contentUrl\":\"https:\\\/\\\/uninavarra.edu.co\\\/wp-content\\\/uploads\\\/2024\\\/06\\\/Escudo-uninavarra-Solo.png\",\"width\":1500,\"height\":1401,\"caption\":\"Fundaci\u00f3n Universitaria Navarra - UNINAVARRA\"},\"image\":{\"@id\":\"https:\\\/\\\/uninavarra.edu.co\\\/#\\\/schema\\\/logo\\\/image\\\/\"},\"sameAs\":[\"https:\\\/\\\/www.facebook.com\\\/UninavarraEduca\",\"https:\\\/\\\/x.com\\\/uninavarraeduca\",\"https:\\\/\\\/www.instagram.com\\\/uninavarra\\\/?hl=es\",\"https:\\\/\\\/www.linkedin.com\\\/in\\\/fundacin-universitaria-navarra-uninavarra-b41225222\\\/\"]},{\"@type\":\"Person\",\"@id\":\"https:\\\/\\\/uninavarra.edu.co\\\/#\\\/schema\\\/person\\\/a2a49cdf058bd604cc8f8095308fd1ce\",\"name\":\"Uninavarra\",\"url\":\"https:\\\/\\\/uninavarra.edu.co\\\/en\\\/author\\\/uninavarra\\\/\"}]}<\/script>\n<!-- \/ Yoast SEO plugin. -->","yoast_head_json":{"title":"UNINAVARRA participa en Staff Week - Italia - Uninavarra","robots":{"index":"index","follow":"follow","max-snippet":"max-snippet:-1","max-image-preview":"max-image-preview:large","max-video-preview":"max-video-preview:-1"},"canonical":"https:\/\/uninavarra.edu.co\/en\/uncategorized\/uninavarra-participa-en-staff-week-italia\/","og_locale":"en_US","og_type":"article","og_title":"UNINAVARRA participa en Staff Week - Italia - Uninavarra","og_url":"https:\/\/uninavarra.edu.co\/en\/uncategorized\/uninavarra-participa-en-staff-week-italia\/","og_site_name":"Uninavarra","article_publisher":"https:\/\/www.facebook.com\/UninavarraEduca","article_published_time":"2019-10-19T15:47:50+00:00","article_modified_time":"2019-10-19T15:48:57+00:00","og_image":[{"width":1299,"height":725,"url":"https:\/\/uninavarra.edu.co\/wp-content\/uploads\/2019\/10\/roma.jpg","type":"image\/jpeg"}],"author":"Uninavarra","twitter_card":"summary_large_image","twitter_creator":"@uninavarraeduca","twitter_site":"@uninavarraeduca","twitter_misc":{"Written by":"Uninavarra","Est. reading time":"1 minute"},"schema":{"@context":"https:\/\/schema.org","@graph":[{"@type":"Article","@id":"https:\/\/uninavarra.edu.co\/uncategorized\/uninavarra-participa-en-staff-week-italia\/#article","isPartOf":{"@id":"https:\/\/uninavarra.edu.co\/uncategorized\/uninavarra-participa-en-staff-week-italia\/"},"author":{"name":"Uninavarra","@id":"https:\/\/uninavarra.edu.co\/#\/schema\/person\/a2a49cdf058bd604cc8f8095308fd1ce"},"headline":"UNINAVARRA participa en Staff Week &#8211; Italia","datePublished":"2019-10-19T15:47:50+00:00","dateModified":"2019-10-19T15:48:57+00:00","mainEntityOfPage":{"@id":"https:\/\/uninavarra.edu.co\/uncategorized\/uninavarra-participa-en-staff-week-italia\/"},"wordCount":201,"publisher":{"@id":"https:\/\/uninavarra.edu.co\/#organization"},"image":{"@id":"https:\/\/uninavarra.edu.co\/uncategorized\/uninavarra-participa-en-staff-week-italia\/#primaryimage"},"thumbnailUrl":"https:\/\/uninavarra.edu.co\/wp-content\/uploads\/2019\/10\/roma.jpg","inLanguage":"en-US"},{"@type":"WebPage","@id":"https:\/\/uninavarra.edu.co\/uncategorized\/uninavarra-participa-en-staff-week-italia\/","url":"https:\/\/uninavarra.edu.co\/uncategorized\/uninavarra-participa-en-staff-week-italia\/","name":"UNINAVARRA participa en Staff Week - Italia - Uninavarra","isPartOf":{"@id":"https:\/\/uninavarra.edu.co\/#website"},"primaryImageOfPage":{"@id":"https:\/\/uninavarra.edu.co\/uncategorized\/uninavarra-participa-en-staff-week-italia\/#primaryimage"},"image":{"@id":"https:\/\/uninavarra.edu.co\/uncategorized\/uninavarra-participa-en-staff-week-italia\/#primaryimage"},"thumbnailUrl":"https:\/\/uninavarra.edu.co\/wp-content\/uploads\/2019\/10\/roma.jpg","datePublished":"2019-10-19T15:47:50+00:00","dateModified":"2019-10-19T15:48:57+00:00","breadcrumb":{"@id":"https:\/\/uninavarra.edu.co\/uncategorized\/uninavarra-participa-en-staff-week-italia\/#breadcrumb"},"inLanguage":"en-US","potentialAction":[{"@type":"ReadAction","target":["https:\/\/uninavarra.edu.co\/uncategorized\/uninavarra-participa-en-staff-week-italia\/"]}]},{"@type":"ImageObject","inLanguage":"en-US","@id":"https:\/\/uninavarra.edu.co\/uncategorized\/uninavarra-participa-en-staff-week-italia\/#primaryimage","url":"https:\/\/uninavarra.edu.co\/wp-content\/uploads\/2019\/10\/roma.jpg","contentUrl":"https:\/\/uninavarra.edu.co\/wp-content\/uploads\/2019\/10\/roma.jpg","width":1299,"height":725},{"@type":"BreadcrumbList","@id":"https:\/\/uninavarra.edu.co\/uncategorized\/uninavarra-participa-en-staff-week-italia\/#breadcrumb","itemListElement":[{"@type":"ListItem","position":1,"name":"Home","item":"https:\/\/uninavarra.edu.co\/"},{"@type":"ListItem","position":2,"name":"UNINAVARRA participa en Staff Week &#8211; Italia"}]},{"@type":"WebSite","@id":"https:\/\/uninavarra.edu.co\/#website","url":"https:\/\/uninavarra.edu.co\/","name":"UNINAVARRA","description":"Make your desire to learn a reality","publisher":{"@id":"https:\/\/uninavarra.edu.co\/#organization"},"potentialAction":[{"@type":"SearchAction","target":{"@type":"EntryPoint","urlTemplate":"https:\/\/uninavarra.edu.co\/?s={search_term_string}"},"query-input":{"@type":"PropertyValueSpecification","valueRequired":true,"valueName":"search_term_string"}}],"inLanguage":"en-US"},{"@type":"Organization","@id":"https:\/\/uninavarra.edu.co\/#organization","name":"Navarre University Foundation - UNINAVARRA","url":"https:\/\/uninavarra.edu.co\/","logo":{"@type":"ImageObject","inLanguage":"en-US","@id":"https:\/\/uninavarra.edu.co\/#\/schema\/logo\/image\/","url":"https:\/\/uninavarra.edu.co\/wp-content\/uploads\/2024\/06\/Escudo-uninavarra-Solo.png","contentUrl":"https:\/\/uninavarra.edu.co\/wp-content\/uploads\/2024\/06\/Escudo-uninavarra-Solo.png","width":1500,"height":1401,"caption":"Fundaci\u00f3n Universitaria Navarra - UNINAVARRA"},"image":{"@id":"https:\/\/uninavarra.edu.co\/#\/schema\/logo\/image\/"},"sameAs":["https:\/\/www.facebook.com\/UninavarraEduca","https:\/\/x.com\/uninavarraeduca","https:\/\/www.instagram.com\/uninavarra\/?hl=es","https:\/\/www.linkedin.com\/in\/fundacin-universitaria-navarra-uninavarra-b41225222\/"]},{"@type":"Person","@id":"https:\/\/uninavarra.edu.co\/#\/schema\/person\/a2a49cdf058bd604cc8f8095308fd1ce","name":"Uninavarra","url":"https:\/\/uninavarra.edu.co\/en\/author\/uninavarra\/"}]}},"_links":{"self":[{"href":"https:\/\/uninavarra.edu.co\/en\/wp-json\/wp\/v2\/posts\/20159","targetHints":{"allow":["GET"]}}],"collection":[{"href":"https:\/\/uninavarra.edu.co\/en\/wp-json\/wp\/v2\/posts"}],"about":[{"href":"https:\/\/uninavarra.edu.co\/en\/wp-json\/wp\/v2\/types\/post"}],"author":[{"embeddable":true,"href":"https:\/\/uninavarra.edu.co\/en\/wp-json\/wp\/v2\/users\/7"}],"replies":[{"embeddable":true,"href":"https:\/\/uninavarra.edu.co\/en\/wp-json\/wp\/v2\/comments?post=20159"}],"version-history":[{"count":0,"href":"https:\/\/uninavarra.edu.co\/en\/wp-json\/wp\/v2\/posts\/20159\/revisions"}],"wp:featuredmedia":[{"embeddable":true,"href":"https:\/\/uninavarra.edu.co\/en\/wp-json\/wp\/v2\/media\/20160"}],"wp:attachment":[{"href":"https:\/\/uninavarra.edu.co\/en\/wp-json\/wp\/v2\/media?parent=20159"}],"wp:term":[{"taxonomy":"category","embeddable":true,"href":"https:\/\/uninavarra.edu.co\/en\/wp-json\/wp\/v2\/categories?post=20159"},{"taxonomy":"post_tag","embeddable":true,"href":"https:\/\/uninavarra.edu.co\/en\/wp-json\/wp\/v2\/tags?post=20159"}],"curies":[{"name":"wp","href":"https:\/\/api.w.org\/{rel}","templated":true}]}}